{"id":22977,"date":"2022-05-25T23:45:07","date_gmt":"2022-05-25T21:45:07","guid":{"rendered":"https:\/\/www.luechingermeyer.ch\/buelach-waechst-erweiterung-schulanlage-allmend\/"},"modified":"2022-06-03T09:33:03","modified_gmt":"2022-06-03T07:33:03","slug":"buelach-waechst-erweiterung-schulanlage-allmend","status":"publish","type":"post","link":"https:\/\/lmp-ing.ch\/en\/buelach-waechst-erweiterung-schulanlage-allmend\/","title":{"rendered":"B\u00fclach is growing \u2013 expansion of the Allmend school"},"content":{"rendered":"<p>Like many places in the surrounding area of Zurich, the town of B\u00fclach is enjoying a growing population. &#8220;B\u00fc\u00fcli&#8221;, the centre of the Zurich Unterland, is growing steadily. By 2040, B\u00fclach should have around 28,000 inhabitants. The city&#8217;s foresighted educational space planning office is responding to the corresponding increase in pupil numbers by expanding the existing educational facilities. One cornerstone of this planning is the expansion of the Allmend school. A new school building for 12 classes and a triple gymnasium are to be added to the primary school complex, and the existing school building is to be renovated and reorganised. Within the framework of a <a href=\"https:\/\/www.luechingermeyer.ch\/en\/project\/schulanlage-allmend-buelach-sanierung-und-erweiterung\/\">competition<\/a> to address these tasks, the design of the team led by general service provider <a href=\"https:\/\/www.erne.ch\/de\/leistungen\/gesamtleistung-erne-plus\/gu-tu\/\">Erne plus<\/a> and <a href=\"https:\/\/www.enf.ch\/\">Ernst Niklaus Fausch Architekten<\/a> was able to convince the jury. L\u00fcchinger+Meyer assisted the design process in the areas of structural and fa\u00e7ade planning.<\/p>\n","protected":false},"excerpt":{"rendered":"<p>Like many places in the surrounding area of Zurich, the town of B\u00fclach is enjoying a growing population. &#8220;B\u00fc\u00fcli&#8221;, the centre of the Zurich Unterland, is growing steadily. By 2040, B\u00fclach should have around 28,000 inhabitants. The city&#8217;s foresighted educational space planning office is responding to the corresponding increase in pupil numbers by expanding the [&hellip;]<\/p>\n","protected":false},"author":101013,"featured_media":22945,"comment_status":"closed","ping_status":"closed","sticky":false,"template":"","format":"standard","meta":{"_acf_changed":false,"footnotes":""},"categories":[2],"tags":[],"class_list":["post-22977","post","type-post","status-publish","format-standard","has-post-thumbnail","hentry","category-uncategorized"],"acf":[],"_links":{"self":[{"href":"https:\/\/lmp-ing.ch\/en\/wp-json\/wp\/v2\/posts\/22977","targetHints":{"allow":["GET"]}}],"collection":[{"href":"https:\/\/lmp-ing.ch\/en\/wp-json\/wp\/v2\/posts"}],"about":[{"href":"https:\/\/lmp-ing.ch\/en\/wp-json\/wp\/v2\/types\/post"}],"author":[{"embeddable":true,"href":"https:\/\/lmp-ing.ch\/en\/wp-json\/wp\/v2\/users\/101013"}],"replies":[{"embeddable":true,"href":"https:\/\/lmp-ing.ch\/en\/wp-json\/wp\/v2\/comments?post=22977"}],"version-history":[{"count":2,"href":"https:\/\/lmp-ing.ch\/en\/wp-json\/wp\/v2\/posts\/22977\/revisions"}],"predecessor-version":[{"id":22979,"href":"https:\/\/lmp-ing.ch\/en\/wp-json\/wp\/v2\/posts\/22977\/revisions\/22979"}],"wp:featuredmedia":[{"embeddable":true,"href":"https:\/\/lmp-ing.ch\/en\/wp-json\/wp\/v2\/media\/22945"}],"wp:attachment":[{"href":"https:\/\/lmp-ing.ch\/en\/wp-json\/wp\/v2\/media?parent=22977"}],"wp:term":[{"taxonomy":"category","embeddable":true,"href":"https:\/\/lmp-ing.ch\/en\/wp-json\/wp\/v2\/categories?post=22977"},{"taxonomy":"post_tag","embeddable":true,"href":"https:\/\/lmp-ing.ch\/en\/wp-json\/wp\/v2\/tags?post=22977"}],"curies":[{"name":"wp","href":"https:\/\/api.w.org\/{rel}","templated":true}]}}