{"id":26097,"date":"2023-04-05T20:47:25","date_gmt":"2023-04-05T18:47:25","guid":{"rendered":"https:\/\/www.luechingermeyer.ch\/verwaltungsrat-thomas-mueller\/"},"modified":"2023-04-05T21:38:08","modified_gmt":"2023-04-05T19:38:08","slug":"verwaltungsrat-thomas-mueller","status":"publish","type":"post","link":"https:\/\/lmp-ing.ch\/en\/verwaltungsrat-thomas-mueller\/","title":{"rendered":"Thomas M\u00fcller elected to the Board of Directors"},"content":{"rendered":"<p>Thomas M\u00fcller joins the Board of Directors of Dr. L\u00fcchinger+Meyer Bauingenieure AG. We are very pleased with the rather valuable enhancement of the highest supervisory and formation body. Based on broad professional experience in various architecture offices, in teaching and research, as well as in his current position as Deputy Managing Director of the Swiss Society of Engineers and Architects (SIA), Thomas has outstanding expertise in both, the strategic and operational areas.<\/p>\n","protected":false},"excerpt":{"rendered":"<p>Thomas M\u00fcller joins the Board of Directors of Dr. L\u00fcchinger+Meyer Bauingenieure AG. We are very pleased with the rather valuable enhancement of the highest supervisory and formation body. Based on broad professional experience in various architecture offices, in teaching and research, as well as in his current position as Deputy Managing Director of the Swiss [&hellip;]<\/p>\n","protected":false},"author":101013,"featured_media":25993,"comment_status":"closed","ping_status":"closed","sticky":false,"template":"","format":"standard","meta":{"_acf_changed":false,"footnotes":""},"categories":[2],"tags":[],"class_list":["post-26097","post","type-post","status-publish","format-standard","has-post-thumbnail","hentry","category-uncategorized"],"acf":[],"_links":{"self":[{"href":"https:\/\/lmp-ing.ch\/en\/wp-json\/wp\/v2\/posts\/26097","targetHints":{"allow":["GET"]}}],"collection":[{"href":"https:\/\/lmp-ing.ch\/en\/wp-json\/wp\/v2\/posts"}],"about":[{"href":"https:\/\/lmp-ing.ch\/en\/wp-json\/wp\/v2\/types\/post"}],"author":[{"embeddable":true,"href":"https:\/\/lmp-ing.ch\/en\/wp-json\/wp\/v2\/users\/101013"}],"replies":[{"embeddable":true,"href":"https:\/\/lmp-ing.ch\/en\/wp-json\/wp\/v2\/comments?post=26097"}],"version-history":[{"count":2,"href":"https:\/\/lmp-ing.ch\/en\/wp-json\/wp\/v2\/posts\/26097\/revisions"}],"predecessor-version":[{"id":26099,"href":"https:\/\/lmp-ing.ch\/en\/wp-json\/wp\/v2\/posts\/26097\/revisions\/26099"}],"wp:featuredmedia":[{"embeddable":true,"href":"https:\/\/lmp-ing.ch\/en\/wp-json\/wp\/v2\/media\/25993"}],"wp:attachment":[{"href":"https:\/\/lmp-ing.ch\/en\/wp-json\/wp\/v2\/media?parent=26097"}],"wp:term":[{"taxonomy":"category","embeddable":true,"href":"https:\/\/lmp-ing.ch\/en\/wp-json\/wp\/v2\/categories?post=26097"},{"taxonomy":"post_tag","embeddable":true,"href":"https:\/\/lmp-ing.ch\/en\/wp-json\/wp\/v2\/tags?post=26097"}],"curies":[{"name":"wp","href":"https:\/\/api.w.org\/{rel}","templated":true}]}}