{"id":13028,"date":"2019-06-27T08:04:40","date_gmt":"2019-06-27T06:04:40","guid":{"rendered":"https:\/\/www.luechingermeyer.ch\/meca-der-neue-kultur-hotspot-von-bordeaux\/"},"modified":"2020-01-30T11:01:15","modified_gmt":"2020-01-30T10:01:15","slug":"meca-der-neue-kultur-hotspot-von-bordeaux","status":"publish","type":"post","link":"https:\/\/lmp-ing.ch\/fr\/meca-der-neue-kultur-hotspot-von-bordeaux\/","title":{"rendered":"M\u00c9CA &#8211; le nouveau Hotspot sur Bordeaux"},"content":{"rendered":"<p>Le 28 juin sera inaugur\u00e9 \u00e0 Bordeaux le nouveau centre culturel <a href=\"https:\/\/www.la-meca.com\/\">M\u00c9CA<\/a> (Maison de l&#8217;\u00e9conomie cr\u00e9ative et de la culture\u00a0en Nouvelle-Aquitaine&#8221; qui\u00a0promeut la culture de la repr\u00e9sentation (<a href=\"https:\/\/oara.fr\/\">OARA<\/a>), la litt\u00e9rature, le cin\u00e9ma, l&#8217;art de l&#8217;audiovisuel (<a href=\"https:\/\/alca-nouvelle-aquitaine.fr\/\">ALCA<\/a>)\u00a0ainsi que le &#8220;<a href=\"https:\/\/fracnouvelleaquitaine-meca.fr\/\">Frac Nouvelle-Aquitaine<\/a>&#8221; (Fonds r\u00e9gionaux d&#8217;art contemporain cr\u00e9\u00e9 dans les ann\u00e9es 80) sous un seul et m\u00eame toit.<br \/>\nNaturellement un tel \u00e9v\u00e9nement ne peut pas arriver sans une c\u00e9l\u00e9bration culturelle \u00e0 la hauteur des formes ambitieuses du b\u00e2timent. Seront entre autre pr\u00e9sents \u00e0 <a href=\"https:\/\/fracnouvelleaquitaine-meca.fr\/evenement\/inauguration-de-la-meca\/\">l&#8217;inauguration<\/a> le pr\u00e9sident de la r\u00e9gion Alain Rousset, le\u00a0ministre fran\u00e7ais de la culture Franck Riester, le tr\u00e8 c\u00e9l\u00e8bre architecte Bjarke Ingels tout comme les pr\u00e9sidents de l'&#8221;ALCA&#8221;, des\u00a0Fracs et de l&#8217;OARA.<\/p>\n","protected":false},"excerpt":{"rendered":"<p>Le 28 juin sera inaugur\u00e9 \u00e0 Bordeaux le nouveau centre culturel M\u00c9CA (Maison de l&#8217;\u00e9conomie cr\u00e9ative et de la culture\u00a0en Nouvelle-Aquitaine&#8221; qui\u00a0promeut la culture de la repr\u00e9sentation (OARA), la litt\u00e9rature, le cin\u00e9ma, l&#8217;art de l&#8217;audiovisuel (ALCA)\u00a0ainsi que le &#8220;Frac Nouvelle-Aquitaine&#8221; (Fonds r\u00e9gionaux d&#8217;art contemporain cr\u00e9\u00e9 dans les ann\u00e9es 80) sous un seul et m\u00eame toit. [&hellip;]<\/p>\n","protected":false},"author":101013,"featured_media":10500,"comment_status":"closed","ping_status":"closed","sticky":false,"template":"","format":"standard","meta":{"_acf_changed":false,"footnotes":""},"categories":[3],"tags":[],"class_list":["post-13028","post","type-post","status-publish","format-standard","has-post-thumbnail","hentry","category-non-classifiee"],"acf":[],"_links":{"self":[{"href":"https:\/\/lmp-ing.ch\/fr\/wp-json\/wp\/v2\/posts\/13028","targetHints":{"allow":["GET"]}}],"collection":[{"href":"https:\/\/lmp-ing.ch\/fr\/wp-json\/wp\/v2\/posts"}],"about":[{"href":"https:\/\/lmp-ing.ch\/fr\/wp-json\/wp\/v2\/types\/post"}],"author":[{"embeddable":true,"href":"https:\/\/lmp-ing.ch\/fr\/wp-json\/wp\/v2\/users\/101013"}],"replies":[{"embeddable":true,"href":"https:\/\/lmp-ing.ch\/fr\/wp-json\/wp\/v2\/comments?post=13028"}],"version-history":[{"count":2,"href":"https:\/\/lmp-ing.ch\/fr\/wp-json\/wp\/v2\/posts\/13028\/revisions"}],"predecessor-version":[{"id":13030,"href":"https:\/\/lmp-ing.ch\/fr\/wp-json\/wp\/v2\/posts\/13028\/revisions\/13030"}],"wp:featuredmedia":[{"embeddable":true,"href":"https:\/\/lmp-ing.ch\/fr\/wp-json\/wp\/v2\/media\/10500"}],"wp:attachment":[{"href":"https:\/\/lmp-ing.ch\/fr\/wp-json\/wp\/v2\/media?parent=13028"}],"wp:term":[{"taxonomy":"category","embeddable":true,"href":"https:\/\/lmp-ing.ch\/fr\/wp-json\/wp\/v2\/categories?post=13028"},{"taxonomy":"post_tag","embeddable":true,"href":"https:\/\/lmp-ing.ch\/fr\/wp-json\/wp\/v2\/tags?post=13028"}],"curies":[{"name":"wp","href":"https:\/\/api.w.org\/{rel}","templated":true}]}}