{"id":13754,"date":"2020-03-04T19:30:28","date_gmt":"2020-03-04T18:30:28","guid":{"rendered":"https:\/\/www.luechingermeyer.ch\/kreatives-entwickeln-und-bewerten-von-loesungsmoeglichkeiten\/"},"modified":"2020-03-05T13:16:28","modified_gmt":"2020-03-05T12:16:28","slug":"kreatives-entwickeln-und-bewerten-von-loesungsmoeglichkeiten","status":"publish","type":"post","link":"https:\/\/lmp-ing.ch\/fr\/kreatives-entwickeln-und-bewerten-von-loesungsmoeglichkeiten\/","title":{"rendered":"D\u00e9veloppement cr\u00e9atif et \u00e9valuation des solutions possibles"},"content":{"rendered":"<p>\u2026 voici les titres de trois \u00e9v\u00e9nements de la s\u00e9rie de conf\u00e9rences de l&#8217;ETH sur <a href=\"http:\/\/www.vvz.ethz.ch\/Vorlesungsverzeichnis\/lerneinheit.view?lang=en&amp;lerneinheitId=135588&amp;semkez=2020S&amp;\">l&#8217;ing\u00e9nierie structurelle<\/a> du <a href=\"https:\/\/frangi.ibk.ethz.ch\/people\/Frangi.html\">Prof. Dr. Andrea Frangi<\/a> donn\u00e9s en mars, qui sera \u00e9galement tenue par l\u2019associ\u00e9 de L+M, le Dr. Hans Seelhofer en tant que professeur invit\u00e9. Les cours propos\u00e9s par l&#8217;Institut d&#8217;analyse et de conception structurelles (<a href=\"https:\/\/ibk.ethz.ch\/\">IBK<\/a>) s&#8217;adressent aux \u00e9tudiants de master en g\u00e9nie civil dans la sp\u00e9cialisation\u00a0structure. L&#8217;accent est mis sur l&#8217;introduction \u00e0 une vision holistique de l&#8217;ing\u00e9nierie des structures du point de vue de l&#8217;ing\u00e9nieur civil. Ainsi est transmise la corr\u00e9lation entre le b\u00e2timent et la structure porteuse, une s\u00e9lection de formes structurelles et des aspects de conception de la planification.<br \/>\nCompl\u00e9ter le contenu th\u00e9orique de l&#8217;enseignement par des rapports pratiques descriptifs est pour nous une mesure essentielledans la formation des ing\u00e9nieurs. Nous sommes heureux d&#8217;y contribuer activement.<\/p>\n","protected":false},"excerpt":{"rendered":"<p>\u2026 voici les titres de trois \u00e9v\u00e9nements de la s\u00e9rie de conf\u00e9rences de l&#8217;ETH sur l&#8217;ing\u00e9nierie structurelle du Prof. Dr. Andrea Frangi donn\u00e9s en mars, qui sera \u00e9galement tenue par l\u2019associ\u00e9 de L+M, le Dr. Hans Seelhofer en tant que professeur invit\u00e9. Les cours propos\u00e9s par l&#8217;Institut d&#8217;analyse et de conception structurelles (IBK) s&#8217;adressent aux [&hellip;]<\/p>\n","protected":false},"author":101013,"featured_media":13723,"comment_status":"closed","ping_status":"closed","sticky":false,"template":"","format":"standard","meta":{"_acf_changed":false,"footnotes":""},"categories":[3],"tags":[],"class_list":["post-13754","post","type-post","status-publish","format-standard","has-post-thumbnail","hentry","category-non-classifiee"],"acf":[],"_links":{"self":[{"href":"https:\/\/lmp-ing.ch\/fr\/wp-json\/wp\/v2\/posts\/13754","targetHints":{"allow":["GET"]}}],"collection":[{"href":"https:\/\/lmp-ing.ch\/fr\/wp-json\/wp\/v2\/posts"}],"about":[{"href":"https:\/\/lmp-ing.ch\/fr\/wp-json\/wp\/v2\/types\/post"}],"author":[{"embeddable":true,"href":"https:\/\/lmp-ing.ch\/fr\/wp-json\/wp\/v2\/users\/101013"}],"replies":[{"embeddable":true,"href":"https:\/\/lmp-ing.ch\/fr\/wp-json\/wp\/v2\/comments?post=13754"}],"version-history":[{"count":2,"href":"https:\/\/lmp-ing.ch\/fr\/wp-json\/wp\/v2\/posts\/13754\/revisions"}],"predecessor-version":[{"id":13756,"href":"https:\/\/lmp-ing.ch\/fr\/wp-json\/wp\/v2\/posts\/13754\/revisions\/13756"}],"wp:featuredmedia":[{"embeddable":true,"href":"https:\/\/lmp-ing.ch\/fr\/wp-json\/wp\/v2\/media\/13723"}],"wp:attachment":[{"href":"https:\/\/lmp-ing.ch\/fr\/wp-json\/wp\/v2\/media?parent=13754"}],"wp:term":[{"taxonomy":"category","embeddable":true,"href":"https:\/\/lmp-ing.ch\/fr\/wp-json\/wp\/v2\/categories?post=13754"},{"taxonomy":"post_tag","embeddable":true,"href":"https:\/\/lmp-ing.ch\/fr\/wp-json\/wp\/v2\/tags?post=13754"}],"curies":[{"name":"wp","href":"https:\/\/api.w.org\/{rel}","templated":true}]}}