{"id":14369,"date":"2020-04-15T16:46:55","date_gmt":"2020-04-15T14:46:55","guid":{"rendered":"https:\/\/www.luechingermeyer.ch\/schillernde-leichtigkeit-am-pilatusplatz\/"},"modified":"2020-04-17T11:29:16","modified_gmt":"2020-04-17T09:29:16","slug":"schillernde-leichtigkeit-am-pilatusplatz","status":"publish","type":"post","link":"https:\/\/lmp-ing.ch\/fr\/schillernde-leichtigkeit-am-pilatusplatz\/","title":{"rendered":"L\u00e9g\u00e8ret\u00e9 spectaculaire sur le Pilatusplatz"},"content":{"rendered":"<p>Pr\u00e8s d&#8217;une d\u00e9cennie apr\u00e8s la d\u00e9molition du c\u00e9l\u00e8bre &#8220;Wirtshaus zur Schmiede&#8221; sur le Pilatusplatz de Lucerne, un premier pas vers la restructuration conceptionnelle de la zone a \u00e9t\u00e9 fait. Le concours de projet pour un b\u00e2timent commercial et r\u00e9sidentiel lanc\u00e9 par la ville de Lucerne a suscit\u00e9 un grand int\u00e9r\u00eat, avec un total de 30 joint-ventures d&#8217;investisseurs et d&#8217;architectes participant au processus. Les ing\u00e9nieurs de structures et de fa\u00e7ades de L\u00fcchinger+Meyer ont soutenu l&#8217;\u00e9quipe du promoteur immobilier <a href=\"https:\/\/eberli-ag.ch\/\">Eberli Sarnen AG<\/a> et du bureau d&#8217;architectes <a href=\"https:\/\/www.lussipartner.ch\/\">Lussi + Partner<\/a>. Cette coop\u00e9ration a remport\u00e9 une remarquable 3\u00e8me place et un jugement tr\u00e8s appr\u00e9ciable du jury.<br \/>\n&#8220;<a href=\"https:\/\/www.luechingermeyer.ch\/fr\/project\/geschaefts-und-wohnhaus-pilatusplatz-luzern\/\">Playtime<\/a>&#8221; \u2013 le nom choisi pour le design est une bonne repr\u00e9sentation des concepts pr\u00e9sents, le jury a \u00e9t\u00e9 fascin\u00e9 par la &#8220;l\u00e9g\u00e8ret\u00e9 ludique&#8221; du b\u00e2timent et son &#8220;expressivit\u00e9 moderne&#8221;. La conception de l\u2019immeuble est analogue au principe d\u2019une maison du peuple typique. La s\u00e9paration syst\u00e9matique visible de la structure porteuse et de l\u2019enveloppe renforce l&#8217;authenticit\u00e9 du b\u00e2timent.<\/p>\n","protected":false},"excerpt":{"rendered":"<p>Pr\u00e8s d&#8217;une d\u00e9cennie apr\u00e8s la d\u00e9molition du c\u00e9l\u00e8bre &#8220;Wirtshaus zur Schmiede&#8221; sur le Pilatusplatz de Lucerne, un premier pas vers la restructuration conceptionnelle de la zone a \u00e9t\u00e9 fait. Le concours de projet pour un b\u00e2timent commercial et r\u00e9sidentiel lanc\u00e9 par la ville de Lucerne a suscit\u00e9 un grand int\u00e9r\u00eat, avec un total de 30 [&hellip;]<\/p>\n","protected":false},"author":101013,"featured_media":14325,"comment_status":"closed","ping_status":"closed","sticky":false,"template":"","format":"standard","meta":{"_acf_changed":false,"footnotes":""},"categories":[3],"tags":[],"class_list":["post-14369","post","type-post","status-publish","format-standard","has-post-thumbnail","hentry","category-non-classifiee"],"acf":[],"_links":{"self":[{"href":"https:\/\/lmp-ing.ch\/fr\/wp-json\/wp\/v2\/posts\/14369","targetHints":{"allow":["GET"]}}],"collection":[{"href":"https:\/\/lmp-ing.ch\/fr\/wp-json\/wp\/v2\/posts"}],"about":[{"href":"https:\/\/lmp-ing.ch\/fr\/wp-json\/wp\/v2\/types\/post"}],"author":[{"embeddable":true,"href":"https:\/\/lmp-ing.ch\/fr\/wp-json\/wp\/v2\/users\/101013"}],"replies":[{"embeddable":true,"href":"https:\/\/lmp-ing.ch\/fr\/wp-json\/wp\/v2\/comments?post=14369"}],"version-history":[{"count":2,"href":"https:\/\/lmp-ing.ch\/fr\/wp-json\/wp\/v2\/posts\/14369\/revisions"}],"predecessor-version":[{"id":14371,"href":"https:\/\/lmp-ing.ch\/fr\/wp-json\/wp\/v2\/posts\/14369\/revisions\/14371"}],"wp:featuredmedia":[{"embeddable":true,"href":"https:\/\/lmp-ing.ch\/fr\/wp-json\/wp\/v2\/media\/14325"}],"wp:attachment":[{"href":"https:\/\/lmp-ing.ch\/fr\/wp-json\/wp\/v2\/media?parent=14369"}],"wp:term":[{"taxonomy":"category","embeddable":true,"href":"https:\/\/lmp-ing.ch\/fr\/wp-json\/wp\/v2\/categories?post=14369"},{"taxonomy":"post_tag","embeddable":true,"href":"https:\/\/lmp-ing.ch\/fr\/wp-json\/wp\/v2\/tags?post=14369"}],"curies":[{"name":"wp","href":"https:\/\/api.w.org\/{rel}","templated":true}]}}