{"id":14487,"date":"2020-04-18T16:19:20","date_gmt":"2020-04-18T14:19:20","guid":{"rendered":"https:\/\/www.luechingermeyer.ch\/sport-frei-egnach\/"},"modified":"2020-04-23T14:06:13","modified_gmt":"2020-04-23T12:06:13","slug":"sport-frei-egnach","status":"publish","type":"post","link":"https:\/\/lmp-ing.ch\/fr\/sport-frei-egnach\/","title":{"rendered":"Le sport lib\u00e9r\u00e9 \u00e0 Egnach!"},"content":{"rendered":"<p>&#8220;Il faut c\u00e9l\u00e9brer les f\u00eates comme elles tombent.&#8221; Et parfois m\u00eame lorsqu&#8217;elles sont annul\u00e9es &#8230; nous en faisons aujourd&#8217;hui notre devise et c\u00e9l\u00e9brons reclus mais avec joie et fiert\u00e9 l&#8217;inauguration de la <a href=\"https:\/\/www.luechingermeyer.ch\/project\/dreifachturnhalle-neukirch-egnach\/\">nouvelle salle de triple sport<\/a> de Neukirch \u00e0 Egnach. Aux c\u00f4t\u00e9s de nos voisins architectes <a href=\"https:\/\/www.wdarchitekten.ch\/\">Waeber \/ Dickenmann<\/a>, les ing\u00e9nieurs en structure de L\u00fcchinger+Meyer se sont engag\u00e9s \u00e0 la r\u00e9alisation du projet du b\u00e2timent, qui a \u00e9t\u00e9 \u00e9rig\u00e9 au droit de la <a href=\"https:\/\/www.luechingermeyer.ch\/project\/sekundarschule-neukirch-egnach\/\">nouvelle \u00e9cole secondaire<\/a>, qui avait jadis \u00e9t\u00e9 construit dans le cadre de la \u00e9quipe de planificateurs.<br \/>\nIl y a d\u00e9j\u00e0 un an, en mai 2019, les installations sportives ont \u00e9t\u00e9 remises aux clubs de la <a href=\"http:\/\/www.egnach.ch\/de\/\">municipalit\u00e9 d&#8217;Egnach<\/a>. Apr\u00e8s l&#8217;adaptation finale du terrain de sport en plein air, la salle de sport devait \u00eatre inaugur\u00e9e ce samedi lors d&#8217;une grande c\u00e9l\u00e9bration publique. Cet \u00e9v\u00e9nement n&#8217;a pas r\u00e9sist\u00e9 \u00e0 la situation virale actuelle et a malheureusement \u00e9t\u00e9 annul\u00e9e. N\u00e9anmoins, nous ne laisserons pas l&#8217;atmosph\u00e8re festive nous \u00e9chapper.<\/p>\n<p>&nbsp;<\/p>\n","protected":false},"excerpt":{"rendered":"<p>&#8220;Il faut c\u00e9l\u00e9brer les f\u00eates comme elles tombent.&#8221; Et parfois m\u00eame lorsqu&#8217;elles sont annul\u00e9es &#8230; nous en faisons aujourd&#8217;hui notre devise et c\u00e9l\u00e9brons reclus mais avec joie et fiert\u00e9 l&#8217;inauguration de la nouvelle salle de triple sport de Neukirch \u00e0 Egnach. Aux c\u00f4t\u00e9s de nos voisins architectes Waeber \/ Dickenmann, les ing\u00e9nieurs en structure de [&hellip;]<\/p>\n","protected":false},"author":101013,"featured_media":14381,"comment_status":"closed","ping_status":"closed","sticky":false,"template":"","format":"standard","meta":{"_acf_changed":false,"footnotes":""},"categories":[3],"tags":[],"class_list":["post-14487","post","type-post","status-publish","format-standard","has-post-thumbnail","hentry","category-non-classifiee"],"acf":[],"_links":{"self":[{"href":"https:\/\/lmp-ing.ch\/fr\/wp-json\/wp\/v2\/posts\/14487","targetHints":{"allow":["GET"]}}],"collection":[{"href":"https:\/\/lmp-ing.ch\/fr\/wp-json\/wp\/v2\/posts"}],"about":[{"href":"https:\/\/lmp-ing.ch\/fr\/wp-json\/wp\/v2\/types\/post"}],"author":[{"embeddable":true,"href":"https:\/\/lmp-ing.ch\/fr\/wp-json\/wp\/v2\/users\/101013"}],"replies":[{"embeddable":true,"href":"https:\/\/lmp-ing.ch\/fr\/wp-json\/wp\/v2\/comments?post=14487"}],"version-history":[{"count":3,"href":"https:\/\/lmp-ing.ch\/fr\/wp-json\/wp\/v2\/posts\/14487\/revisions"}],"predecessor-version":[{"id":14491,"href":"https:\/\/lmp-ing.ch\/fr\/wp-json\/wp\/v2\/posts\/14487\/revisions\/14491"}],"wp:featuredmedia":[{"embeddable":true,"href":"https:\/\/lmp-ing.ch\/fr\/wp-json\/wp\/v2\/media\/14381"}],"wp:attachment":[{"href":"https:\/\/lmp-ing.ch\/fr\/wp-json\/wp\/v2\/media?parent=14487"}],"wp:term":[{"taxonomy":"category","embeddable":true,"href":"https:\/\/lmp-ing.ch\/fr\/wp-json\/wp\/v2\/categories?post=14487"},{"taxonomy":"post_tag","embeddable":true,"href":"https:\/\/lmp-ing.ch\/fr\/wp-json\/wp\/v2\/tags?post=14487"}],"curies":[{"name":"wp","href":"https:\/\/api.w.org\/{rel}","templated":true}]}}