{"id":14987,"date":"2020-06-23T15:36:52","date_gmt":"2020-06-23T13:36:52","guid":{"rendered":"https:\/\/www.luechingermeyer.ch\/reisender-kommst-du-nach-zuerich\/"},"modified":"2020-06-26T10:24:17","modified_gmt":"2020-06-26T08:24:17","slug":"reisender-kommst-du-nach-zuerich","status":"publish","type":"post","link":"https:\/\/lmp-ing.ch\/fr\/reisender-kommst-du-nach-zuerich\/","title":{"rendered":"Voyageur, viens \u00e0 Zurich &#8230;"},"content":{"rendered":"<p>Si on approche la gare centrale de Zurich sur une des voies en surface, nous recommandons de s\u2019assurer un si\u00e8ge c\u00f4t\u00e9 fen\u00eatre et \u00e0 gauche du train. Avant d&#8217;entrer dans la gare, les observateurs attentifs peuvent maintenant s&#8217;attendre \u00e0 une exp\u00e9rience architecturale sp\u00e9ciale \u2013 la\u00a0\u00a0<a href=\"https:\/\/www.luechingermeyer.ch\/project\/gleisarena-zuerich\/\">Gleisarena<\/a>. Le b\u00e2timent de service avec sa fa\u00e7ade remarquable marque le d\u00e9but du nouvel am\u00e9nagement le long de la Zollstrasse. La fa\u00e7ade se compose de 1&#8217;500 m<sup>2<\/sup> de briques en verre transparentes et, d\u00e9velopp\u00e9e par analogie \u00e0 la topographie des glaciers, elle forme une vo\u00fbte, comme coup\u00e9e par la circulation des trains, au-dessus du quai.<br \/>\nDans les ann\u00e9es 1960 et 1970, les murs en briques de verre \u00e9taient consid\u00e9r\u00e9s comme des \u00e9l\u00e9ments modernes dans la conception des fa\u00e7ades et \u00e9taient fr\u00e9quemment utilis\u00e9s. Plus tard, en raison de leurs propri\u00e9t\u00e9s physiques et structurelles d\u00e9savantageuses, ils ont rarement \u00e9t\u00e9 utilis\u00e9s. L&#8217;\u00e9quipe de planification compos\u00e9e des architectes <a href=\"https:\/\/min.swiss\/\">Made in<\/a>, des planificateurs de fa\u00e7ade de L\u00fcchinger+Meyer et de l&#8217;entrepreneur <a href=\"https:\/\/porr.ch\/fr\/\">Porr Suisse<\/a> a maintenant contribu\u00e9 \u00e0 une petite renaissance de l&#8217;\u00e9l\u00e9ment de conception. Le d\u00e9veloppement d&#8217;une fa\u00e7ade \u00e0 \u00e9l\u00e9ments en blocs de verre avec des propri\u00e9t\u00e9s correspondant au standard \u00e9nerg\u00e9tique Minergie-P-Eco du b\u00e2timent a \u00e9t\u00e9 couronn\u00e9 de succ\u00e8s.<\/p>\n","protected":false},"excerpt":{"rendered":"<p>Si on approche la gare centrale de Zurich sur une des voies en surface, nous recommandons de s\u2019assurer un si\u00e8ge c\u00f4t\u00e9 fen\u00eatre et \u00e0 gauche du train. Avant d&#8217;entrer dans la gare, les observateurs attentifs peuvent maintenant s&#8217;attendre \u00e0 une exp\u00e9rience architecturale sp\u00e9ciale \u2013 la\u00a0\u00a0Gleisarena. Le b\u00e2timent de service avec sa fa\u00e7ade remarquable marque le [&hellip;]<\/p>\n","protected":false},"author":101013,"featured_media":14852,"comment_status":"closed","ping_status":"closed","sticky":false,"template":"","format":"standard","meta":{"_acf_changed":false,"footnotes":""},"categories":[3],"tags":[],"class_list":["post-14987","post","type-post","status-publish","format-standard","has-post-thumbnail","hentry","category-non-classifiee"],"acf":[],"_links":{"self":[{"href":"https:\/\/lmp-ing.ch\/fr\/wp-json\/wp\/v2\/posts\/14987","targetHints":{"allow":["GET"]}}],"collection":[{"href":"https:\/\/lmp-ing.ch\/fr\/wp-json\/wp\/v2\/posts"}],"about":[{"href":"https:\/\/lmp-ing.ch\/fr\/wp-json\/wp\/v2\/types\/post"}],"author":[{"embeddable":true,"href":"https:\/\/lmp-ing.ch\/fr\/wp-json\/wp\/v2\/users\/101013"}],"replies":[{"embeddable":true,"href":"https:\/\/lmp-ing.ch\/fr\/wp-json\/wp\/v2\/comments?post=14987"}],"version-history":[{"count":2,"href":"https:\/\/lmp-ing.ch\/fr\/wp-json\/wp\/v2\/posts\/14987\/revisions"}],"predecessor-version":[{"id":14989,"href":"https:\/\/lmp-ing.ch\/fr\/wp-json\/wp\/v2\/posts\/14987\/revisions\/14989"}],"wp:featuredmedia":[{"embeddable":true,"href":"https:\/\/lmp-ing.ch\/fr\/wp-json\/wp\/v2\/media\/14852"}],"wp:attachment":[{"href":"https:\/\/lmp-ing.ch\/fr\/wp-json\/wp\/v2\/media?parent=14987"}],"wp:term":[{"taxonomy":"category","embeddable":true,"href":"https:\/\/lmp-ing.ch\/fr\/wp-json\/wp\/v2\/categories?post=14987"},{"taxonomy":"post_tag","embeddable":true,"href":"https:\/\/lmp-ing.ch\/fr\/wp-json\/wp\/v2\/tags?post=14987"}],"curies":[{"name":"wp","href":"https:\/\/api.w.org\/{rel}","templated":true}]}}