{"id":15023,"date":"2020-06-27T00:26:36","date_gmt":"2020-06-26T22:26:36","guid":{"rendered":"https:\/\/www.luechingermeyer.ch\/tag-der-architektur-2020\/"},"modified":"2020-06-29T08:07:01","modified_gmt":"2020-06-29T06:07:01","slug":"tag-der-architektur-2020","status":"publish","type":"post","link":"https:\/\/lmp-ing.ch\/fr\/tag-der-architektur-2020\/","title":{"rendered":"Journ\u00e9e de l&#8217;architecture 2020"},"content":{"rendered":"<p>Si, en tant que visiteur d&#8217;un b\u00e2timent de l&#8217;a\u00e9roport, on vous demande de porter des chaussures solides et d&#8217;avoir &#8220;une bonne condition de base&#8221;, l&#8217;occasion doit sans aucun doute \u00eatre sp\u00e9ciale &#8230;<br \/>\nLes 27 et 28 juin, la &#8220;<a href=\"http:\/\/www.tag-der-architektur.de\/\">Journ\u00e9e de l&#8217;architecture<\/a>&#8221; aura lieu dans toute l&#8217;Allemagne. Cette s\u00e9rie d&#8217;\u00e9v\u00e9nements \u00e0 succ\u00e8s invite les visiteurs \u00e0 &#8220;d\u00e9couvrir une bonne architecture et des espaces urbains dynamiques comme ressource pour notre vie quotidienne&#8221;. Parmi les points forts du programme de la <a href=\"https:\/\/www.ak-berlin.de\/baukultur\/tag-der-architektur\/tag-der-architektur-2020\/programm-2020\/detail.html?tx_aktdasearch_tdasearch%5Btda%5D=81&amp;tx_aktdasearch_tdasearch%5Baction%5D=show&amp;tx_aktdasearch_tdasearch%5Bcontroller%5D=Tda&amp;cHash=ac681fdaa1021217262c996bea355934\">Chambre des architectes de Berlin<\/a>, on peut citer les <a href=\"https:\/\/www.thf-berlin.de\/de\/veranstaltungen\/tag-der-architektur\/\">visites architecturales<\/a> de <a href=\"https:\/\/www.mlzd.ch\/\">:mlzd<\/a> dans le b\u00e2timent de l&#8217;a\u00e9roport Tempelhof &#8211; Tour THF. Depuis le succ\u00e8s du concours collectif en 2016, L\u00fcchinger+Meyer a particip\u00e9 \u00e0 la planification de la structure et des fa\u00e7ades du c\u00f4t\u00e9 des architectes de Berlin\/Bienne pour cet ambitieux <a href=\"https:\/\/www.luechingermeyer.ch\/project\/besucherzentrum-flughafen-tempelhof-berlin\/\">projet de reconstruction<\/a>. D&#8217;ici 2021, le b\u00e2timent de la t\u00eate ouest et la tour de l&#8217;a\u00e9roport de Tempelhof seront r\u00e9nov\u00e9s conform\u00e9ment \u00e0 l&#8217;ordonnance de pr\u00e9servation et convertis en un nouveau lieu d&#8217;information et d&#8217;\u00e9v\u00e9nements avec une plate-forme d&#8217;observation.<\/p>\n<p>&nbsp;<\/p>\n","protected":false},"excerpt":{"rendered":"<p>Si, en tant que visiteur d&#8217;un b\u00e2timent de l&#8217;a\u00e9roport, on vous demande de porter des chaussures solides et d&#8217;avoir &#8220;une bonne condition de base&#8221;, l&#8217;occasion doit sans aucun doute \u00eatre sp\u00e9ciale &#8230; Les 27 et 28 juin, la &#8220;Journ\u00e9e de l&#8217;architecture&#8221; aura lieu dans toute l&#8217;Allemagne. Cette s\u00e9rie d&#8217;\u00e9v\u00e9nements \u00e0 succ\u00e8s invite les visiteurs \u00e0 [&hellip;]<\/p>\n","protected":false},"author":101013,"featured_media":15000,"comment_status":"closed","ping_status":"closed","sticky":false,"template":"","format":"standard","meta":{"_acf_changed":false,"footnotes":""},"categories":[3],"tags":[],"class_list":["post-15023","post","type-post","status-publish","format-standard","has-post-thumbnail","hentry","category-non-classifiee"],"acf":[],"_links":{"self":[{"href":"https:\/\/lmp-ing.ch\/fr\/wp-json\/wp\/v2\/posts\/15023","targetHints":{"allow":["GET"]}}],"collection":[{"href":"https:\/\/lmp-ing.ch\/fr\/wp-json\/wp\/v2\/posts"}],"about":[{"href":"https:\/\/lmp-ing.ch\/fr\/wp-json\/wp\/v2\/types\/post"}],"author":[{"embeddable":true,"href":"https:\/\/lmp-ing.ch\/fr\/wp-json\/wp\/v2\/users\/101013"}],"replies":[{"embeddable":true,"href":"https:\/\/lmp-ing.ch\/fr\/wp-json\/wp\/v2\/comments?post=15023"}],"version-history":[{"count":2,"href":"https:\/\/lmp-ing.ch\/fr\/wp-json\/wp\/v2\/posts\/15023\/revisions"}],"predecessor-version":[{"id":15025,"href":"https:\/\/lmp-ing.ch\/fr\/wp-json\/wp\/v2\/posts\/15023\/revisions\/15025"}],"wp:featuredmedia":[{"embeddable":true,"href":"https:\/\/lmp-ing.ch\/fr\/wp-json\/wp\/v2\/media\/15000"}],"wp:attachment":[{"href":"https:\/\/lmp-ing.ch\/fr\/wp-json\/wp\/v2\/media?parent=15023"}],"wp:term":[{"taxonomy":"category","embeddable":true,"href":"https:\/\/lmp-ing.ch\/fr\/wp-json\/wp\/v2\/categories?post=15023"},{"taxonomy":"post_tag","embeddable":true,"href":"https:\/\/lmp-ing.ch\/fr\/wp-json\/wp\/v2\/tags?post=15023"}],"curies":[{"name":"wp","href":"https:\/\/api.w.org\/{rel}","templated":true}]}}