{"id":15731,"date":"2020-07-17T09:01:13","date_gmt":"2020-07-17T07:01:13","guid":{"rendered":"https:\/\/www.luechingermeyer.ch\/staffelstabuebergabe-in-cham-eroeffnung-oym\/"},"modified":"2020-07-17T21:27:17","modified_gmt":"2020-07-17T19:27:17","slug":"staffelstabuebergabe-in-cham-eroeffnung-oym","status":"publish","type":"post","link":"https:\/\/lmp-ing.ch\/fr\/staffelstabuebergabe-in-cham-eroeffnung-oym\/","title":{"rendered":"Passer le relais \u00e0 Cham &#8211; Ouverture de l\u2019OYM"},"content":{"rendered":"<p>La nouvelle construction du centre sportif pour l\u2019\u00e9lite <a href=\"https:\/\/www.oym.ch\/\">OYM<\/a> \u00e0 Cham \u00e9tait pour nous un v\u00e9ritable projet de c\u0153ur. Gr\u00e2ce aux forces combin\u00e9es de nos disciplines sp\u00e9cialis\u00e9es dans la planification des structures et des fa\u00e7ades \u00e0 Zurich et \u00e0 Lucerne, nous avons activement soutenu la planification du projet et la r\u00e9alisation de cette construction hybride techniquement exigeante. Nous avons visit\u00e9 ensemble le spectaculaire <a href=\"https:\/\/www.luechingermeyer.ch\/weitgespannt-gestapelt-und-hybrid\/\">site de construction<\/a> et avons fi\u00e8rement <a href=\"https:\/\/www.luechingermeyer.ch\/oym-stahlbau-12-18\/\">pr\u00e9sent\u00e9<\/a> le <a href=\"https:\/\/www.luechingermeyer.ch\/project\/oym-kompetenzzentrum-fuer-spitzenathletik-und-forschung-cham\/\">projet<\/a> au <a href=\"https:\/\/www.luechingermeyer.ch\/steelday-2018-lm-im-zeichen-des-stahls\/\">public<\/a>.<br \/>\nPour nous, planificateurs, le slogan &#8220;<strong>O<\/strong>n <strong>Y<\/strong>our <strong>M<\/strong>arks!&#8221; a disparu depuis longtemps, la ligne d&#8217;arriv\u00e9e a \u00e9t\u00e9 franchie et le centre de comp\u00e9tences a ouvert ses portes. D\u00e8s maintenant, \u00e0 d&#8217;autres de faire appel \u00e0 des performances de haut niveau. Nous sommes heureux de passer le relais aux athl\u00e8tes, car malgr\u00e9 tout notre amour pour la planification des projets et le processus de construction, nous ne perdons pas de vue l&#8217;objectif essentiel de nos activit\u00e9s : la cr\u00e9ation de b\u00e2timents conviviaux et durables.<\/p>\n","protected":false},"excerpt":{"rendered":"<p>La nouvelle construction du centre sportif pour l\u2019\u00e9lite OYM \u00e0 Cham \u00e9tait pour nous un v\u00e9ritable projet de c\u0153ur. Gr\u00e2ce aux forces combin\u00e9es de nos disciplines sp\u00e9cialis\u00e9es dans la planification des structures et des fa\u00e7ades \u00e0 Zurich et \u00e0 Lucerne, nous avons activement soutenu la planification du projet et la r\u00e9alisation de cette construction hybride [&hellip;]<\/p>\n","protected":false},"author":101013,"featured_media":15711,"comment_status":"closed","ping_status":"closed","sticky":false,"template":"","format":"standard","meta":{"_acf_changed":false,"footnotes":""},"categories":[3],"tags":[],"class_list":["post-15731","post","type-post","status-publish","format-standard","has-post-thumbnail","hentry","category-non-classifiee"],"acf":[],"_links":{"self":[{"href":"https:\/\/lmp-ing.ch\/fr\/wp-json\/wp\/v2\/posts\/15731","targetHints":{"allow":["GET"]}}],"collection":[{"href":"https:\/\/lmp-ing.ch\/fr\/wp-json\/wp\/v2\/posts"}],"about":[{"href":"https:\/\/lmp-ing.ch\/fr\/wp-json\/wp\/v2\/types\/post"}],"author":[{"embeddable":true,"href":"https:\/\/lmp-ing.ch\/fr\/wp-json\/wp\/v2\/users\/101013"}],"replies":[{"embeddable":true,"href":"https:\/\/lmp-ing.ch\/fr\/wp-json\/wp\/v2\/comments?post=15731"}],"version-history":[{"count":2,"href":"https:\/\/lmp-ing.ch\/fr\/wp-json\/wp\/v2\/posts\/15731\/revisions"}],"predecessor-version":[{"id":15733,"href":"https:\/\/lmp-ing.ch\/fr\/wp-json\/wp\/v2\/posts\/15731\/revisions\/15733"}],"wp:featuredmedia":[{"embeddable":true,"href":"https:\/\/lmp-ing.ch\/fr\/wp-json\/wp\/v2\/media\/15711"}],"wp:attachment":[{"href":"https:\/\/lmp-ing.ch\/fr\/wp-json\/wp\/v2\/media?parent=15731"}],"wp:term":[{"taxonomy":"category","embeddable":true,"href":"https:\/\/lmp-ing.ch\/fr\/wp-json\/wp\/v2\/categories?post=15731"},{"taxonomy":"post_tag","embeddable":true,"href":"https:\/\/lmp-ing.ch\/fr\/wp-json\/wp\/v2\/tags?post=15731"}],"curies":[{"name":"wp","href":"https:\/\/api.w.org\/{rel}","templated":true}]}}