{"id":15946,"date":"2020-08-31T20:28:47","date_gmt":"2020-08-31T18:28:47","guid":{"rendered":"https:\/\/www.luechingermeyer.ch\/10-jahre-luechingermeyer-luzern\/"},"modified":"2025-04-23T16:16:00","modified_gmt":"2025-04-23T14:16:00","slug":"10-jahre-luechingermeyer-luzern","status":"publish","type":"post","link":"https:\/\/lmp-ing.ch\/fr\/10-jahre-luechingermeyer-luzern\/","title":{"rendered":"10 ans L\u00dcCHINGER MEYER PARTNER  Lucerne"},"content":{"rendered":"<p>&#8220;Les enfants, comme le temps passe&#8221;, nous citons avec raison l&#8217;\u00e9crivain R. A. Schr\u00f6der. Car un petit \u00e9tonnement a accompagn\u00e9 la prise de conscience que 10 ans se sont d\u00e9j\u00e0 \u00e9coul\u00e9s depuis le d\u00e9but de notre histoire \u00e0 succ\u00e8s en Suisse centrale avec la cr\u00e9ation de la succursale de Lucerne. Ce qui a commenc\u00e9 comme une petite cellule avec deux employ\u00e9s est maintenant devenu un pilier important de notre bureau. L&#8217;\u00e9quipe s&#8217;est consid\u00e9rablement agrandie, de <a href=\"https:\/\/www.luechingermeyer.ch\/von-der-altstadt-an-die-gleise\/\">nouveaux bureaux<\/a> ont \u00e9t\u00e9 install\u00e9s, un certain nombre de projets ont \u00e9t\u00e9 transf\u00e9r\u00e9s dans les bureaux de Lucerne, des <a href=\"https:\/\/www.luechingermeyer.ch\/rotpol-gewinnt-wettbewerb-ewl-areal\/\">concours<\/a> et des <a href=\"https:\/\/www.luechingermeyer.ch\/arc-award-bim-2018-zwei-auf-einen-streich\/\">prix<\/a> ont \u00e9t\u00e9 remport\u00e9s. L\u00dcCHINGER MEYER PARTNER est &#8220;arriv\u00e9&#8221; depuis longtemps en Suisse centrale et s&#8217;est \u00e9tabli comme un partenaire r\u00e9gional en mati\u00e8re d&#8217;ing\u00e9nierie. Nous appr\u00e9cions beaucoup les collaborations nombreuses et vari\u00e9es qui se sont d\u00e9velopp\u00e9es dans la r\u00e9gion.<\/p>\n","protected":false},"excerpt":{"rendered":"<p>&#8220;Les enfants, comme le temps passe&#8221;, nous citons avec raison l&#8217;\u00e9crivain R. A. Schr\u00f6der. Car un petit \u00e9tonnement a accompagn\u00e9 la prise de conscience que 10 ans se sont d\u00e9j\u00e0 \u00e9coul\u00e9s depuis le d\u00e9but de notre histoire \u00e0 succ\u00e8s en Suisse centrale avec la cr\u00e9ation de la succursale de Lucerne. Ce qui a commenc\u00e9 comme [&hellip;]<\/p>\n","protected":false},"author":101013,"featured_media":15890,"comment_status":"closed","ping_status":"closed","sticky":false,"template":"","format":"standard","meta":{"_acf_changed":false,"footnotes":""},"categories":[3],"tags":[],"class_list":["post-15946","post","type-post","status-publish","format-standard","has-post-thumbnail","hentry","category-non-classifiee"],"acf":[],"_links":{"self":[{"href":"https:\/\/lmp-ing.ch\/fr\/wp-json\/wp\/v2\/posts\/15946","targetHints":{"allow":["GET"]}}],"collection":[{"href":"https:\/\/lmp-ing.ch\/fr\/wp-json\/wp\/v2\/posts"}],"about":[{"href":"https:\/\/lmp-ing.ch\/fr\/wp-json\/wp\/v2\/types\/post"}],"author":[{"embeddable":true,"href":"https:\/\/lmp-ing.ch\/fr\/wp-json\/wp\/v2\/users\/101013"}],"replies":[{"embeddable":true,"href":"https:\/\/lmp-ing.ch\/fr\/wp-json\/wp\/v2\/comments?post=15946"}],"version-history":[{"count":4,"href":"https:\/\/lmp-ing.ch\/fr\/wp-json\/wp\/v2\/posts\/15946\/revisions"}],"predecessor-version":[{"id":39014,"href":"https:\/\/lmp-ing.ch\/fr\/wp-json\/wp\/v2\/posts\/15946\/revisions\/39014"}],"wp:featuredmedia":[{"embeddable":true,"href":"https:\/\/lmp-ing.ch\/fr\/wp-json\/wp\/v2\/media\/15890"}],"wp:attachment":[{"href":"https:\/\/lmp-ing.ch\/fr\/wp-json\/wp\/v2\/media?parent=15946"}],"wp:term":[{"taxonomy":"category","embeddable":true,"href":"https:\/\/lmp-ing.ch\/fr\/wp-json\/wp\/v2\/categories?post=15946"},{"taxonomy":"post_tag","embeddable":true,"href":"https:\/\/lmp-ing.ch\/fr\/wp-json\/wp\/v2\/tags?post=15946"}],"curies":[{"name":"wp","href":"https:\/\/api.w.org\/{rel}","templated":true}]}}