{"id":16203,"date":"2020-09-25T22:30:33","date_gmt":"2020-09-25T20:30:33","guid":{"rendered":"https:\/\/www.luechingermeyer.ch\/open-house-zuerich-2020\/"},"modified":"2020-09-28T11:14:01","modified_gmt":"2020-09-28T09:14:01","slug":"open-house-zuerich-2020","status":"publish","type":"post","link":"https:\/\/lmp-ing.ch\/fr\/open-house-zuerich-2020\/","title":{"rendered":"Open House Zurich 2020"},"content":{"rendered":"<p>\u00ab\u00a0J&#8217;ai pass\u00e9 ma journ\u00e9e au mieux de mes capacit\u00e9s \u00e0 voir et \u00e0 revoir [&#8230;].\u00a0\u00bb L&#8217;entr\u00e9e du journal de Goethe sera la devise des amis de l&#8217;architecture de Zurich les samedi 26 et dimanche 27 septembre, car pour la cinqui\u00e8me fois, <a href=\"https:\/\/openhouse-zuerich.org\/\">Open House Zurich<\/a> attirera les visiteurs derri\u00e8re les portes autrement ferm\u00e9es de plus de 100 b\u00e2timents de la ville au bord de la Limmat. Un match \u00e0 domicile pour L\u00fcchinger+Meyer : Comme lors des ann\u00e9es pr\u00e9c\u00e9dentes (<a href=\"https:\/\/www.luechingermeyer.ch\/en\/architektur-fuer-alle\/\">2018<\/a>, <a href=\"https:\/\/www.luechingermeyer.ch\/zuerich-laedt-ein\/\">2019<\/a>), nous sommes heureux que nos projets aient \u00e9t\u00e9 inscrits \u00e0 l&#8217;ordre du jour \u00e0 grande \u00e9chelle, r\u00e9partis dans toute la ville. Une journ\u00e9e portes ouvertes a d\u00e9j\u00e0 \u00e9t\u00e9 c\u00e9l\u00e9br\u00e9e lundi dans le <a href=\"https:\/\/openhouse-zuerich.org\/orte\/neu-schlotterbeck-areal\/\">Schlotterbeck Areal<\/a>. Le b\u00e2timent r\u00e9sidentiel et commercial ouvre \u00e0 nouveau ses portes. Ceux qui ont manqu\u00e9 la <a href=\"https:\/\/www.luechingermeyer.ch\/fr\/samstags-an-die-suedstrasse\/\">visite<\/a> du quartier r\u00e9sidentiel de la <a href=\"https:\/\/openhouse-zuerich.org\/orte\/neu-wohnueberbauung-suedstrasse\/\">S\u00fcdstrasse<\/a> en ao\u00fbt auront l&#8217;occasion de se rattraper le samedi.<\/p>\n","protected":false},"excerpt":{"rendered":"<p>\u00ab\u00a0J&#8217;ai pass\u00e9 ma journ\u00e9e au mieux de mes capacit\u00e9s \u00e0 voir et \u00e0 revoir [&#8230;].\u00a0\u00bb L&#8217;entr\u00e9e du journal de Goethe sera la devise des amis de l&#8217;architecture de Zurich les samedi 26 et dimanche 27 septembre, car pour la cinqui\u00e8me fois, Open House Zurich attirera les visiteurs derri\u00e8re les portes autrement ferm\u00e9es de plus de [&hellip;]<\/p>\n","protected":false},"author":101013,"featured_media":16183,"comment_status":"closed","ping_status":"closed","sticky":false,"template":"","format":"standard","meta":{"_acf_changed":false,"footnotes":""},"categories":[3],"tags":[],"class_list":["post-16203","post","type-post","status-publish","format-standard","has-post-thumbnail","hentry","category-non-classifiee"],"acf":[],"_links":{"self":[{"href":"https:\/\/lmp-ing.ch\/fr\/wp-json\/wp\/v2\/posts\/16203","targetHints":{"allow":["GET"]}}],"collection":[{"href":"https:\/\/lmp-ing.ch\/fr\/wp-json\/wp\/v2\/posts"}],"about":[{"href":"https:\/\/lmp-ing.ch\/fr\/wp-json\/wp\/v2\/types\/post"}],"author":[{"embeddable":true,"href":"https:\/\/lmp-ing.ch\/fr\/wp-json\/wp\/v2\/users\/101013"}],"replies":[{"embeddable":true,"href":"https:\/\/lmp-ing.ch\/fr\/wp-json\/wp\/v2\/comments?post=16203"}],"version-history":[{"count":2,"href":"https:\/\/lmp-ing.ch\/fr\/wp-json\/wp\/v2\/posts\/16203\/revisions"}],"predecessor-version":[{"id":16205,"href":"https:\/\/lmp-ing.ch\/fr\/wp-json\/wp\/v2\/posts\/16203\/revisions\/16205"}],"wp:featuredmedia":[{"embeddable":true,"href":"https:\/\/lmp-ing.ch\/fr\/wp-json\/wp\/v2\/media\/16183"}],"wp:attachment":[{"href":"https:\/\/lmp-ing.ch\/fr\/wp-json\/wp\/v2\/media?parent=16203"}],"wp:term":[{"taxonomy":"category","embeddable":true,"href":"https:\/\/lmp-ing.ch\/fr\/wp-json\/wp\/v2\/categories?post=16203"},{"taxonomy":"post_tag","embeddable":true,"href":"https:\/\/lmp-ing.ch\/fr\/wp-json\/wp\/v2\/tags?post=16203"}],"curies":[{"name":"wp","href":"https:\/\/api.w.org\/{rel}","templated":true}]}}