{"id":16213,"date":"2020-09-14T15:20:16","date_gmt":"2020-09-14T13:20:16","guid":{"rendered":"https:\/\/www.luechingermeyer.ch\/schulhistorischer-spatenstich-in-oberglatt\/"},"modified":"2020-09-28T11:40:36","modified_gmt":"2020-09-28T09:40:36","slug":"schulhistorischer-spatenstich-in-oberglatt","status":"publish","type":"post","link":"https:\/\/lmp-ing.ch\/fr\/schulhistorischer-spatenstich-in-oberglatt\/","title":{"rendered":"C\u00e9r\u00e9monie d&#8217;inauguration dans l\u2019histoire de l\u2019\u00e9cole \u00e0 Oberglatt"},"content":{"rendered":"<p>Lorsque tant d&#8217;acteurs de la construction se r\u00e9unissent pour la c\u00e9r\u00e9monie de pose de la premi\u00e8re pierre du projet, cela peut \u00eatre vu comme un bon pr\u00e9sage pour la r\u00e9ussite du projet &#8230;<br \/>\nLe 9 septembre 2020, cette traditionnelle c\u00e9r\u00e9monie a lanc\u00e9 la construction du nouveau b\u00e2timent du coll\u00e8ge Chliriet \u00e0 Oberglatt. L&#8217;\u00e9v\u00e9nement a \u00e9galement scell\u00e9 une \u00e9tape importante dans l&#8217;histoire scolaire de la communaut\u00e9, car c&#8217;est la premi\u00e8re fois depuis le d\u00e9but de la scolarit\u00e9 \u00e0 Oberglatt vers l\u2019an 1600 qu&#8217;un b\u00e2timent d&#8217;\u00e9cole secondaire est mis en service dans la ville. Dans un premier temps, 13 classes, soit environ 260 \u00e9l\u00e8ves, doivent prendre possession des lieux.<\/p>\n","protected":false},"excerpt":{"rendered":"<p>Lorsque tant d&#8217;acteurs de la construction se r\u00e9unissent pour la c\u00e9r\u00e9monie de pose de la premi\u00e8re pierre du projet, cela peut \u00eatre vu comme un bon pr\u00e9sage pour la r\u00e9ussite du projet &#8230; Le 9 septembre 2020, cette traditionnelle c\u00e9r\u00e9monie a lanc\u00e9 la construction du nouveau b\u00e2timent du coll\u00e8ge Chliriet \u00e0 Oberglatt. L&#8217;\u00e9v\u00e9nement a \u00e9galement [&hellip;]<\/p>\n","protected":false},"author":101013,"featured_media":16040,"comment_status":"closed","ping_status":"closed","sticky":false,"template":"","format":"standard","meta":{"_acf_changed":false,"footnotes":""},"categories":[3],"tags":[],"class_list":["post-16213","post","type-post","status-publish","format-standard","has-post-thumbnail","hentry","category-non-classifiee"],"acf":[],"_links":{"self":[{"href":"https:\/\/lmp-ing.ch\/fr\/wp-json\/wp\/v2\/posts\/16213","targetHints":{"allow":["GET"]}}],"collection":[{"href":"https:\/\/lmp-ing.ch\/fr\/wp-json\/wp\/v2\/posts"}],"about":[{"href":"https:\/\/lmp-ing.ch\/fr\/wp-json\/wp\/v2\/types\/post"}],"author":[{"embeddable":true,"href":"https:\/\/lmp-ing.ch\/fr\/wp-json\/wp\/v2\/users\/101013"}],"replies":[{"embeddable":true,"href":"https:\/\/lmp-ing.ch\/fr\/wp-json\/wp\/v2\/comments?post=16213"}],"version-history":[{"count":2,"href":"https:\/\/lmp-ing.ch\/fr\/wp-json\/wp\/v2\/posts\/16213\/revisions"}],"predecessor-version":[{"id":16215,"href":"https:\/\/lmp-ing.ch\/fr\/wp-json\/wp\/v2\/posts\/16213\/revisions\/16215"}],"wp:featuredmedia":[{"embeddable":true,"href":"https:\/\/lmp-ing.ch\/fr\/wp-json\/wp\/v2\/media\/16040"}],"wp:attachment":[{"href":"https:\/\/lmp-ing.ch\/fr\/wp-json\/wp\/v2\/media?parent=16213"}],"wp:term":[{"taxonomy":"category","embeddable":true,"href":"https:\/\/lmp-ing.ch\/fr\/wp-json\/wp\/v2\/categories?post=16213"},{"taxonomy":"post_tag","embeddable":true,"href":"https:\/\/lmp-ing.ch\/fr\/wp-json\/wp\/v2\/tags?post=16213"}],"curies":[{"name":"wp","href":"https:\/\/api.w.org\/{rel}","templated":true}]}}