{"id":16216,"date":"2020-09-20T23:08:06","date_gmt":"2020-09-20T21:08:06","guid":{"rendered":"https:\/\/www.luechingermeyer.ch\/schlotterbeck-areal-open-house-zuerich-plus\/"},"modified":"2020-09-28T11:45:30","modified_gmt":"2020-09-28T09:45:30","slug":"schlotterbeck-areal-open-house-zuerich-plus","status":"publish","type":"post","link":"https:\/\/lmp-ing.ch\/fr\/schlotterbeck-areal-open-house-zuerich-plus\/","title":{"rendered":"Schlotterbeck Areal @ Open House Zurich PLUS+"},"content":{"rendered":"<p>Das architektonische Grossereignis <a href=\"https:\/\/openhouse-zuerich.org\/\">Open House Z\u00fcrich<\/a>, das am kommenden Wochenende seine 5. Auflage in der Limmatstadt erfahren wird, wirft seine Schatten voraus. Das Rahmenprogramm <a href=\"https:\/\/openhouse-zuerich.org\/plus-programm\/\">Open House Z\u00fcrich PLUS+<\/a> stimmt mit einer Reihe von Veranstaltungen im Vorfeld auf das bevorstehende Event ein. Wir freuen uns, dass das Z\u00fcrcher <a href=\"https:\/\/www.luechingermeyer.ch\/project\/schlotterbeck-areal-zuerich\/\">Schlotterbeck Areal<\/a> in diesem Jahr einen Teil dieses Vorprogramms bildet.\u00a0&#8220;<a href=\"https:\/\/openhouse-zuerich.org\/plus\/31730-2\/\">Architektur | Tragwerk | Fotografie<\/a> | danach Wurst und Bier&#8221; &#8211; dieses schn\u00f6rkellose, gleichwohl vielversprechende Lineup l\u00e4dt das interdisziplin\u00e4r interessierte Publikum zu einer Vortragsreihe vor Ort ein.<\/p>\n<p>Le grand \u00e9v\u00e9nement architectural <a href=\"https:\/\/openhouse-zuerich.org\/\">Open House Zurich<\/a> se tiendra pour la 5e fois le week-end prochain dans la ville qui bordant la Limmat. Le programme de soutien <a href=\"https:\/\/openhouse-zuerich.org\/plus-programm\/\">Open House Zurich PLUS+<\/a> vous donne l\u2019eau \u00e0 la bouche gr\u00e2ce \u00e0 une s\u00e9rie d\u2019events pr\u00e9liminaires. Nous sommes ravis que le <a href=\"https:\/\/www.luechingermeyer.ch\/fr\/project\/schlotterbeck-areal-zuerich\/\">Schlotterbeck Areal<\/a> fasse partie du programme pr\u00e9liminaire de cette ann\u00e9e. &#8220;<a href=\"https:\/\/openhouse-zuerich.org\/plus\/31730-2\/\">Architecture | Structure | Photographie<\/a> | puis Saucisse et Bi\u00e8re&#8221; &#8211; cette programmation simple mais prometteuse invite le public interdisciplinaire \u00e0 une s\u00e9rie de conf\u00e9rences sur place.<\/p>\n<p>&nbsp;<\/p>\n<p>&nbsp;<\/p>\n","protected":false},"excerpt":{"rendered":"<p>Das architektonische Grossereignis Open House Z\u00fcrich, das am kommenden Wochenende seine 5. Auflage in der Limmatstadt erfahren wird, wirft seine Schatten voraus. Das Rahmenprogramm Open House Z\u00fcrich PLUS+ stimmt mit einer Reihe von Veranstaltungen im Vorfeld auf das bevorstehende Event ein. Wir freuen uns, dass das Z\u00fcrcher Schlotterbeck Areal in diesem Jahr einen Teil dieses [&hellip;]<\/p>\n","protected":false},"author":101013,"featured_media":16092,"comment_status":"closed","ping_status":"closed","sticky":false,"template":"","format":"standard","meta":{"_acf_changed":false,"footnotes":""},"categories":[3],"tags":[],"class_list":["post-16216","post","type-post","status-publish","format-standard","has-post-thumbnail","hentry","category-non-classifiee"],"acf":[],"_links":{"self":[{"href":"https:\/\/lmp-ing.ch\/fr\/wp-json\/wp\/v2\/posts\/16216","targetHints":{"allow":["GET"]}}],"collection":[{"href":"https:\/\/lmp-ing.ch\/fr\/wp-json\/wp\/v2\/posts"}],"about":[{"href":"https:\/\/lmp-ing.ch\/fr\/wp-json\/wp\/v2\/types\/post"}],"author":[{"embeddable":true,"href":"https:\/\/lmp-ing.ch\/fr\/wp-json\/wp\/v2\/users\/101013"}],"replies":[{"embeddable":true,"href":"https:\/\/lmp-ing.ch\/fr\/wp-json\/wp\/v2\/comments?post=16216"}],"version-history":[{"count":2,"href":"https:\/\/lmp-ing.ch\/fr\/wp-json\/wp\/v2\/posts\/16216\/revisions"}],"predecessor-version":[{"id":16218,"href":"https:\/\/lmp-ing.ch\/fr\/wp-json\/wp\/v2\/posts\/16216\/revisions\/16218"}],"wp:featuredmedia":[{"embeddable":true,"href":"https:\/\/lmp-ing.ch\/fr\/wp-json\/wp\/v2\/media\/16092"}],"wp:attachment":[{"href":"https:\/\/lmp-ing.ch\/fr\/wp-json\/wp\/v2\/media?parent=16216"}],"wp:term":[{"taxonomy":"category","embeddable":true,"href":"https:\/\/lmp-ing.ch\/fr\/wp-json\/wp\/v2\/categories?post=16216"},{"taxonomy":"post_tag","embeddable":true,"href":"https:\/\/lmp-ing.ch\/fr\/wp-json\/wp\/v2\/tags?post=16216"}],"curies":[{"name":"wp","href":"https:\/\/api.w.org\/{rel}","templated":true}]}}