{"id":16233,"date":"2020-09-27T18:27:08","date_gmt":"2020-09-27T16:27:08","guid":{"rendered":"https:\/\/www.luechingermeyer.ch\/thun-stimmt-fuer-erweiterung-der-verwaltung\/"},"modified":"2020-09-29T10:07:47","modified_gmt":"2020-09-29T08:07:47","slug":"thun-stimmt-fuer-erweiterung-der-verwaltung","status":"publish","type":"post","link":"https:\/\/lmp-ing.ch\/fr\/thun-stimmt-fuer-erweiterung-der-verwaltung\/","title":{"rendered":"Thun vote en faveur de l&#8217;agrandissement de l&#8217;Administration"},"content":{"rendered":"<p>Les habitants et habitantes de Thun ont approuv\u00e9 le budget pour l&#8217;extension du b\u00e2timent administratif de l&#8217;Industriestrasse par un &#8220;<a href=\"https:\/\/www.thun.ch\/stadtverwaltung\/medien\/medienmitteilungen\/news-behoerden.html?tx_news_pi1%5Bnews%5D=2563&amp;tx_news_pi1%5Bday%5D=27&amp;tx_news_pi1%5Bmonth%5D=9&amp;tx_news_pi1%5Byear%5D=2020&amp;cHash=6b9d95f65b858e3ecf12a7bc0ea5abb1\">oui<\/a>&#8221; convaincant lors d\u2019un vote lors du \u00ab\u00a0super dimanche\u00a0\u00bb. Avec ce projet de construction, la ville r\u00e9agit \u00e0 la croissance continue de la ville et \u00e0 l&#8217;augmentation des co\u00fbts administratifs qui y est associ\u00e9e. L&#8217;extension du site de l&#8217;Industriestrasse s&#8217;est av\u00e9r\u00e9e \u00eatre une solution viable pour fournir l&#8217;espace suppl\u00e9mentaire absolument n\u00e9cessaire. Le b\u00e2timent de quatre \u00e9tages doit accueillir des bureaux en openspace, des salles de formation et de r\u00e9union et une caf\u00e9t\u00e9ria sur une surface d&#8217;environ 1 000 m\u00e8tres carr\u00e9s.<\/p>\n<p>&nbsp;<\/p>\n","protected":false},"excerpt":{"rendered":"<p>Les habitants et habitantes de Thun ont approuv\u00e9 le budget pour l&#8217;extension du b\u00e2timent administratif de l&#8217;Industriestrasse par un &#8220;oui&#8221; convaincant lors d\u2019un vote lors du \u00ab\u00a0super dimanche\u00a0\u00bb. Avec ce projet de construction, la ville r\u00e9agit \u00e0 la croissance continue de la ville et \u00e0 l&#8217;augmentation des co\u00fbts administratifs qui y est associ\u00e9e. L&#8217;extension du [&hellip;]<\/p>\n","protected":false},"author":101013,"featured_media":16194,"comment_status":"closed","ping_status":"closed","sticky":false,"template":"","format":"standard","meta":{"_acf_changed":false,"footnotes":""},"categories":[3],"tags":[],"class_list":["post-16233","post","type-post","status-publish","format-standard","has-post-thumbnail","hentry","category-non-classifiee"],"acf":[],"_links":{"self":[{"href":"https:\/\/lmp-ing.ch\/fr\/wp-json\/wp\/v2\/posts\/16233","targetHints":{"allow":["GET"]}}],"collection":[{"href":"https:\/\/lmp-ing.ch\/fr\/wp-json\/wp\/v2\/posts"}],"about":[{"href":"https:\/\/lmp-ing.ch\/fr\/wp-json\/wp\/v2\/types\/post"}],"author":[{"embeddable":true,"href":"https:\/\/lmp-ing.ch\/fr\/wp-json\/wp\/v2\/users\/101013"}],"replies":[{"embeddable":true,"href":"https:\/\/lmp-ing.ch\/fr\/wp-json\/wp\/v2\/comments?post=16233"}],"version-history":[{"count":2,"href":"https:\/\/lmp-ing.ch\/fr\/wp-json\/wp\/v2\/posts\/16233\/revisions"}],"predecessor-version":[{"id":16235,"href":"https:\/\/lmp-ing.ch\/fr\/wp-json\/wp\/v2\/posts\/16233\/revisions\/16235"}],"wp:featuredmedia":[{"embeddable":true,"href":"https:\/\/lmp-ing.ch\/fr\/wp-json\/wp\/v2\/media\/16194"}],"wp:attachment":[{"href":"https:\/\/lmp-ing.ch\/fr\/wp-json\/wp\/v2\/media?parent=16233"}],"wp:term":[{"taxonomy":"category","embeddable":true,"href":"https:\/\/lmp-ing.ch\/fr\/wp-json\/wp\/v2\/categories?post=16233"},{"taxonomy":"post_tag","embeddable":true,"href":"https:\/\/lmp-ing.ch\/fr\/wp-json\/wp\/v2\/tags?post=16233"}],"curies":[{"name":"wp","href":"https:\/\/api.w.org\/{rel}","templated":true}]}}