{"id":17528,"date":"2021-01-09T21:10:20","date_gmt":"2021-01-09T20:10:20","guid":{"rendered":"https:\/\/www.luechingermeyer.ch\/wenn-wir-die-statik-des-stade-de-la-tuiliere-betrachten\/"},"modified":"2021-01-12T07:14:16","modified_gmt":"2021-01-12T06:14:16","slug":"wenn-wir-die-statik-des-stade-de-la-tuiliere-betrachten","status":"publish","type":"post","link":"https:\/\/lmp-ing.ch\/fr\/wenn-wir-die-statik-des-stade-de-la-tuiliere-betrachten\/","title":{"rendered":"Quand nous observons le sch\u00e9ma statique du stade de la Tuili\u00e8re"},"content":{"rendered":"<p>&#8230; il est possible de saisir physiquement les forces qui le structurent.&#8221; Un extrait de texte de Marc Frochaux, r\u00e9dacteur en chef de TRAC\u00c9S, fait la couverture de la publication sp\u00e9ciale du magazine <a href=\"https:\/\/www.espazium.ch\/fr\">espazium<\/a> sur le <a href=\"https:\/\/www.luechingermeyer.ch\/fr\/project\/stade-de-la-tuiliere-lausanne\/\">Stade de la Tuili\u00e8re<\/a>, qui a connu un grand succ\u00e8s. Cette brochure bilingue, qui sera incluse dans le suppl\u00e9ment des premiers num\u00e9ros de janvier de <a href=\"https:\/\/www.espazium.ch\/de\/tec21-0\">TEC21<\/a> et <a href=\"https:\/\/www.espazium.ch\/fr\/revue-traces\">TRAC\u00c9S<\/a>, est publi\u00e9e \u00e0 l&#8217;occasion de l&#8217;inauguration du nouveau stade de football de Lausanne \u00e0 la fin du mois de novembre 2020.<br \/>\nLe fait que l&#8217;ing\u00e9nierie des structures soit mentionn\u00e9e au centre du titre n&#8217;est certainement pas le fruit du hasard. En raison de leurs grandes port\u00e9es et leurs imposantes charges, ainsi que de leurs structures &#8220;nues&#8221; souvent distinguables, les b\u00e2timents des stades se d\u00e9marquent par le travail des ing\u00e9nieurs en structure. Dans le cas du nouveau Stade de la Tuili\u00e8re, con\u00e7u par les architectes <a href=\"https:\/\/www.mlzd.ch\/\">:mlzd<\/a>\/<a href=\"http:\/\/www.sollbergerboegli.ch\/de\/projects.html\">Sollberger B\u00f6gli Architekten<\/a>\u00a0et les ing\u00e9nieurs de L\u00fcchinger+Meyer, la structure porteuse constitue l&#8217;\u00e9l\u00e9ment de conception essentiel de l&#8217;aspect caract\u00e9ristique.<\/p>\n","protected":false},"excerpt":{"rendered":"<p>&#8230; il est possible de saisir physiquement les forces qui le structurent.&#8221; Un extrait de texte de Marc Frochaux, r\u00e9dacteur en chef de TRAC\u00c9S, fait la couverture de la publication sp\u00e9ciale du magazine espazium sur le Stade de la Tuili\u00e8re, qui a connu un grand succ\u00e8s. Cette brochure bilingue, qui sera incluse dans le suppl\u00e9ment [&hellip;]<\/p>\n","protected":false},"author":101013,"featured_media":17519,"comment_status":"closed","ping_status":"closed","sticky":false,"template":"","format":"standard","meta":{"_acf_changed":false,"footnotes":""},"categories":[3],"tags":[],"class_list":["post-17528","post","type-post","status-publish","format-standard","has-post-thumbnail","hentry","category-non-classifiee"],"acf":[],"_links":{"self":[{"href":"https:\/\/lmp-ing.ch\/fr\/wp-json\/wp\/v2\/posts\/17528","targetHints":{"allow":["GET"]}}],"collection":[{"href":"https:\/\/lmp-ing.ch\/fr\/wp-json\/wp\/v2\/posts"}],"about":[{"href":"https:\/\/lmp-ing.ch\/fr\/wp-json\/wp\/v2\/types\/post"}],"author":[{"embeddable":true,"href":"https:\/\/lmp-ing.ch\/fr\/wp-json\/wp\/v2\/users\/101013"}],"replies":[{"embeddable":true,"href":"https:\/\/lmp-ing.ch\/fr\/wp-json\/wp\/v2\/comments?post=17528"}],"version-history":[{"count":2,"href":"https:\/\/lmp-ing.ch\/fr\/wp-json\/wp\/v2\/posts\/17528\/revisions"}],"predecessor-version":[{"id":17530,"href":"https:\/\/lmp-ing.ch\/fr\/wp-json\/wp\/v2\/posts\/17528\/revisions\/17530"}],"wp:featuredmedia":[{"embeddable":true,"href":"https:\/\/lmp-ing.ch\/fr\/wp-json\/wp\/v2\/media\/17519"}],"wp:attachment":[{"href":"https:\/\/lmp-ing.ch\/fr\/wp-json\/wp\/v2\/media?parent=17528"}],"wp:term":[{"taxonomy":"category","embeddable":true,"href":"https:\/\/lmp-ing.ch\/fr\/wp-json\/wp\/v2\/categories?post=17528"},{"taxonomy":"post_tag","embeddable":true,"href":"https:\/\/lmp-ing.ch\/fr\/wp-json\/wp\/v2\/tags?post=17528"}],"curies":[{"name":"wp","href":"https:\/\/api.w.org\/{rel}","templated":true}]}}