{"id":17728,"date":"2020-11-22T23:04:12","date_gmt":"2020-11-22T22:04:12","guid":{"rendered":"https:\/\/www.luechingermeyer.ch\/das-wolkenwerk-ist-vollbracht\/"},"modified":"2021-01-25T21:04:12","modified_gmt":"2021-01-25T20:04:12","slug":"das-wolkenwerk-ist-vollbracht","status":"publish","type":"post","link":"https:\/\/lmp-ing.ch\/fr\/das-wolkenwerk-ist-vollbracht\/","title":{"rendered":"Le projet WolkenWerk est r\u00e9alis\u00e9"},"content":{"rendered":"<p>Notre grand projet <a href=\"https:\/\/www.luechingermeyer.ch\/fr\/project\/wolkenwerk-zuerich\/\">WolkenWerk<\/a>, au nord de Zurich, a \u00e9t\u00e9 achev\u00e9 avec succ\u00e8s \u00e0 la mi-novembre avec la remise de l&#8217;ensemble des b\u00e2timents aux promoteurs Leutschenbach AG et <a href=\"http:\/\/www.nyffenegger-immobilien.ch\/\">Nyffenegger Immobilien AG<\/a>. La premi\u00e8re occupation des 300 appartements en copropri\u00e9t\u00e9 a d\u00e9j\u00e0 commenc\u00e9, et \u00e0 la mi-janvier 2021, les futurs r\u00e9sidents auront enti\u00e8rement emm\u00e9nag\u00e9 dans les trois tours et les b\u00e2timents de base, remplissant de vie les &#8220;g\u00e9ants endormis&#8221; actuels et le nouveau quartier.<br \/>\nDepuis le d\u00e9but de la planification du projet en 2013, les ing\u00e9nieurs et dessinateurs de L\u00fcchinger+Meyer, en collaboration avec <a href=\"https:\/\/staufer-hasler.ch\/\">Staufer &amp; Hasler Architekten<\/a> et von <a href=\"https:\/\/www.vonballmoospartner.ch\/\">Ballmoos Partner Architekten<\/a>, ont accompagn\u00e9 le d\u00e9veloppement du nouveau complexe de <a href=\"https:\/\/www.wolkenwerk.ch\/projekt\/\">b\u00e2timents<\/a> dans le triangle Leutschenbach\/Hagenholzstrasse. Tous les b\u00e2timents ont \u00e9t\u00e9 construits selon des m\u00e9thodes de construction solides.<\/p>\n","protected":false},"excerpt":{"rendered":"<p>Notre grand projet WolkenWerk, au nord de Zurich, a \u00e9t\u00e9 achev\u00e9 avec succ\u00e8s \u00e0 la mi-novembre avec la remise de l&#8217;ensemble des b\u00e2timents aux promoteurs Leutschenbach AG et Nyffenegger Immobilien AG. La premi\u00e8re occupation des 300 appartements en copropri\u00e9t\u00e9 a d\u00e9j\u00e0 commenc\u00e9, et \u00e0 la mi-janvier 2021, les futurs r\u00e9sidents auront enti\u00e8rement emm\u00e9nag\u00e9 dans les [&hellip;]<\/p>\n","protected":false},"author":101013,"featured_media":16674,"comment_status":"closed","ping_status":"closed","sticky":false,"template":"","format":"standard","meta":{"_acf_changed":false,"footnotes":""},"categories":[3],"tags":[],"class_list":["post-17728","post","type-post","status-publish","format-standard","has-post-thumbnail","hentry","category-non-classifiee"],"acf":[],"_links":{"self":[{"href":"https:\/\/lmp-ing.ch\/fr\/wp-json\/wp\/v2\/posts\/17728","targetHints":{"allow":["GET"]}}],"collection":[{"href":"https:\/\/lmp-ing.ch\/fr\/wp-json\/wp\/v2\/posts"}],"about":[{"href":"https:\/\/lmp-ing.ch\/fr\/wp-json\/wp\/v2\/types\/post"}],"author":[{"embeddable":true,"href":"https:\/\/lmp-ing.ch\/fr\/wp-json\/wp\/v2\/users\/101013"}],"replies":[{"embeddable":true,"href":"https:\/\/lmp-ing.ch\/fr\/wp-json\/wp\/v2\/comments?post=17728"}],"version-history":[{"count":2,"href":"https:\/\/lmp-ing.ch\/fr\/wp-json\/wp\/v2\/posts\/17728\/revisions"}],"predecessor-version":[{"id":17730,"href":"https:\/\/lmp-ing.ch\/fr\/wp-json\/wp\/v2\/posts\/17728\/revisions\/17730"}],"wp:featuredmedia":[{"embeddable":true,"href":"https:\/\/lmp-ing.ch\/fr\/wp-json\/wp\/v2\/media\/16674"}],"wp:attachment":[{"href":"https:\/\/lmp-ing.ch\/fr\/wp-json\/wp\/v2\/media?parent=17728"}],"wp:term":[{"taxonomy":"category","embeddable":true,"href":"https:\/\/lmp-ing.ch\/fr\/wp-json\/wp\/v2\/categories?post=17728"},{"taxonomy":"post_tag","embeddable":true,"href":"https:\/\/lmp-ing.ch\/fr\/wp-json\/wp\/v2\/tags?post=17728"}],"curies":[{"name":"wp","href":"https:\/\/api.w.org\/{rel}","templated":true}]}}