{"id":18055,"date":"2021-02-07T21:44:39","date_gmt":"2021-02-07T20:44:39","guid":{"rendered":"https:\/\/www.luechingermeyer.ch\/rueckblick-2020-7-das-gesicht-des-gleisraumes\/"},"modified":"2021-02-09T09:19:05","modified_gmt":"2021-02-09T08:19:05","slug":"rueckblick-2020-7-das-gesicht-des-gleisraumes","status":"publish","type":"post","link":"https:\/\/lmp-ing.ch\/fr\/rueckblick-2020-7-das-gesicht-des-gleisraumes\/","title":{"rendered":"R\u00e9trospective 2020.7 \u2013 Le visage de la zone des rails"},"content":{"rendered":"<p>L&#8217;ach\u00e8vement de l&#8217;extravagante fa\u00e7ade en vo\u00fbte de verre de la <a href=\"https:\/\/www.luechingermeyer.ch\/en\/project\/gleisarena-zuerich\/\">Gleisarena<\/a> \u00e0 la gare centrale de Zurich a \u00e9t\u00e9 l&#8217;un des points forts de l&#8217;ann\u00e9e derni\u00e8re pour nos sp\u00e9cialistes des fa\u00e7ades. Dans un marathon de d\u00e9veloppement d&#8217;une dur\u00e9e de 6 ans, la conception de <a href=\"https:\/\/min.swiss\/\">Made In S\u00e0rl<\/a>, Architecture pouvait \u00eatre formul\u00e9e jusqu&#8217;\u00e0 ce qu&#8217;il soit pr\u00eat \u00e0 \u00eatre ex\u00e9cut\u00e9e. Aujourd&#8217;hui, la fa\u00e7ade en verre \u00e0 double courbure se pr\u00e9sente comme le &#8220;visage de la zone des rails&#8221; et comme un &#8220;d\u00e9cor anim\u00e9 jour et nuit dans la ville de Zurich&#8221;.<br \/>\nLes plus de 8000 briques de verre de la fa\u00e7ade sont configur\u00e9es comme des \u00e9l\u00e9ments hybrides compos\u00e9s de verre coul\u00e9 et d&#8217;un verre isolant conventionnel dans le noyau. Un caillebotis en t\u00f4le d&#8217;acier inoxydable int\u00e9gr\u00e9 dans les joints forme la structure de la fa\u00e7ade. Les sp\u00e9cialistes en fa\u00e7ades de L\u00fcchinger + Meyer ont d\u00e9velopp\u00e9 et con\u00e7u la fa\u00e7ade en briques de verre en \u00e9troite collaboration avec les architectes et l&#8217;entreprise totale <a href=\"https:\/\/porr.ch\/fr\/\">PORR Suisse<\/a>.<\/p>\n","protected":false},"excerpt":{"rendered":"<p>L&#8217;ach\u00e8vement de l&#8217;extravagante fa\u00e7ade en vo\u00fbte de verre de la Gleisarena \u00e0 la gare centrale de Zurich a \u00e9t\u00e9 l&#8217;un des points forts de l&#8217;ann\u00e9e derni\u00e8re pour nos sp\u00e9cialistes des fa\u00e7ades. Dans un marathon de d\u00e9veloppement d&#8217;une dur\u00e9e de 6 ans, la conception de Made In S\u00e0rl, Architecture pouvait \u00eatre formul\u00e9e jusqu&#8217;\u00e0 ce qu&#8217;il soit [&hellip;]<\/p>\n","protected":false},"author":101013,"featured_media":18013,"comment_status":"closed","ping_status":"closed","sticky":false,"template":"","format":"standard","meta":{"_acf_changed":false,"footnotes":""},"categories":[3],"tags":[],"class_list":["post-18055","post","type-post","status-publish","format-standard","has-post-thumbnail","hentry","category-non-classifiee"],"acf":[],"_links":{"self":[{"href":"https:\/\/lmp-ing.ch\/fr\/wp-json\/wp\/v2\/posts\/18055","targetHints":{"allow":["GET"]}}],"collection":[{"href":"https:\/\/lmp-ing.ch\/fr\/wp-json\/wp\/v2\/posts"}],"about":[{"href":"https:\/\/lmp-ing.ch\/fr\/wp-json\/wp\/v2\/types\/post"}],"author":[{"embeddable":true,"href":"https:\/\/lmp-ing.ch\/fr\/wp-json\/wp\/v2\/users\/101013"}],"replies":[{"embeddable":true,"href":"https:\/\/lmp-ing.ch\/fr\/wp-json\/wp\/v2\/comments?post=18055"}],"version-history":[{"count":2,"href":"https:\/\/lmp-ing.ch\/fr\/wp-json\/wp\/v2\/posts\/18055\/revisions"}],"predecessor-version":[{"id":18057,"href":"https:\/\/lmp-ing.ch\/fr\/wp-json\/wp\/v2\/posts\/18055\/revisions\/18057"}],"wp:featuredmedia":[{"embeddable":true,"href":"https:\/\/lmp-ing.ch\/fr\/wp-json\/wp\/v2\/media\/18013"}],"wp:attachment":[{"href":"https:\/\/lmp-ing.ch\/fr\/wp-json\/wp\/v2\/media?parent=18055"}],"wp:term":[{"taxonomy":"category","embeddable":true,"href":"https:\/\/lmp-ing.ch\/fr\/wp-json\/wp\/v2\/categories?post=18055"},{"taxonomy":"post_tag","embeddable":true,"href":"https:\/\/lmp-ing.ch\/fr\/wp-json\/wp\/v2\/tags?post=18055"}],"curies":[{"name":"wp","href":"https:\/\/api.w.org\/{rel}","templated":true}]}}