{"id":18141,"date":"2021-02-17T21:50:30","date_gmt":"2021-02-17T20:50:30","guid":{"rendered":"https:\/\/www.luechingermeyer.ch\/leicht-facettiert-elegant\/"},"modified":"2021-02-28T15:12:56","modified_gmt":"2021-02-28T14:12:56","slug":"leicht-facettiert-elegant","status":"publish","type":"post","link":"https:\/\/lmp-ing.ch\/fr\/leicht-facettiert-elegant\/","title":{"rendered":"L\u00e9ger, facett\u00e9, \u00e9l\u00e9gant."},"content":{"rendered":"<p>Cette fois-ci, la structure porteuse caract\u00e9ristique du <a href=\"https:\/\/www.luechingermeyer.ch\/fr\/project\/stade-de-la-tuiliere-lausanne\/\">Stade de la Tuili\u00e8re<\/a> ne forme que le cadre visuel, ce qui permet \u00e0 la fa\u00e7ade de se retrouver au centre de l&#8217;attention. Dans son article \u00ab\u00a0<a href=\"https:\/\/architektur-technik.blverlag.ch\/punktgenau-gedampft-3\/\">L\u00e9ger, facett\u00e9, \u00e9l\u00e9gant<\/a>\u00a0\u00bb, publi\u00e9 dans le dernier num\u00e9ro d&#8217;\u00a0\u00ab<a href=\"https:\/\/architektur-technik.blverlag.ch\/\">Architektur+Technik<\/a>\u00bb, le chef de projet Philippe Willareth explique la construction et les caract\u00e9ristiques de la prestigieuse fa\u00e7ade principale du nouveau stade de football.<\/p>\n","protected":false},"excerpt":{"rendered":"<p>Cette fois-ci, la structure porteuse caract\u00e9ristique du Stade de la Tuili\u00e8re ne forme que le cadre visuel, ce qui permet \u00e0 la fa\u00e7ade de se retrouver au centre de l&#8217;attention. Dans son article \u00ab\u00a0L\u00e9ger, facett\u00e9, \u00e9l\u00e9gant\u00a0\u00bb, publi\u00e9 dans le dernier num\u00e9ro d&#8217;\u00a0\u00abArchitektur+Technik\u00bb, le chef de projet Philippe Willareth explique la construction et les caract\u00e9ristiques de [&hellip;]<\/p>\n","protected":false},"author":101013,"featured_media":17467,"comment_status":"closed","ping_status":"closed","sticky":false,"template":"","format":"standard","meta":{"_acf_changed":false,"footnotes":""},"categories":[3],"tags":[],"class_list":["post-18141","post","type-post","status-publish","format-standard","has-post-thumbnail","hentry","category-non-classifiee"],"acf":[],"_links":{"self":[{"href":"https:\/\/lmp-ing.ch\/fr\/wp-json\/wp\/v2\/posts\/18141","targetHints":{"allow":["GET"]}}],"collection":[{"href":"https:\/\/lmp-ing.ch\/fr\/wp-json\/wp\/v2\/posts"}],"about":[{"href":"https:\/\/lmp-ing.ch\/fr\/wp-json\/wp\/v2\/types\/post"}],"author":[{"embeddable":true,"href":"https:\/\/lmp-ing.ch\/fr\/wp-json\/wp\/v2\/users\/101013"}],"replies":[{"embeddable":true,"href":"https:\/\/lmp-ing.ch\/fr\/wp-json\/wp\/v2\/comments?post=18141"}],"version-history":[{"count":3,"href":"https:\/\/lmp-ing.ch\/fr\/wp-json\/wp\/v2\/posts\/18141\/revisions"}],"predecessor-version":[{"id":18172,"href":"https:\/\/lmp-ing.ch\/fr\/wp-json\/wp\/v2\/posts\/18141\/revisions\/18172"}],"wp:featuredmedia":[{"embeddable":true,"href":"https:\/\/lmp-ing.ch\/fr\/wp-json\/wp\/v2\/media\/17467"}],"wp:attachment":[{"href":"https:\/\/lmp-ing.ch\/fr\/wp-json\/wp\/v2\/media?parent=18141"}],"wp:term":[{"taxonomy":"category","embeddable":true,"href":"https:\/\/lmp-ing.ch\/fr\/wp-json\/wp\/v2\/categories?post=18141"},{"taxonomy":"post_tag","embeddable":true,"href":"https:\/\/lmp-ing.ch\/fr\/wp-json\/wp\/v2\/tags?post=18141"}],"curies":[{"name":"wp","href":"https:\/\/api.w.org\/{rel}","templated":true}]}}