{"id":18968,"date":"2021-05-05T22:33:55","date_gmt":"2021-05-05T20:33:55","guid":{"rendered":"https:\/\/www.luechingermeyer.ch\/das-gehoeft-wurde-eingeweiht\/"},"modified":"2021-05-14T07:40:28","modified_gmt":"2021-05-14T05:40:28","slug":"das-gehoeft-wurde-eingeweiht","status":"publish","type":"post","link":"https:\/\/lmp-ing.ch\/fr\/das-gehoeft-wurde-eingeweiht\/","title":{"rendered":"\u00abLa ferme\u00bb a \u00e9t\u00e9 inaugur\u00e9"},"content":{"rendered":"<p>&#8220;La ferme\u00a0\u00bb le titre simple et significatif du consortium de <a href=\"https:\/\/www.luechingermeyer.ch\/fr\/project\/umbau-und-erweiterung-vollzugszentrum-bachtel-hinwil\/\">projet<\/a> <a href=\"https:\/\/gret-loewensberg.ch\/\">Gret Loewensberg Architekten<\/a>, <a href=\"https:\/\/cleagross.ch\/\">Clea Gross Architekten<\/a> et <a href=\"https:\/\/www.ghisleni.ch\/\">Ghisleni<\/a>, auquel le jury a attribu\u00e9 la premi\u00e8re place du concours 2013 pour la transformation et l&#8217;extension du <a href=\"https:\/\/www.luechingermeyer.ch\/project\/vollzugszentrum-bachtel-hinwil\/\">centre correctionnel de Bachtel<\/a> dans l&#8217;Oberland zurichois. Sur la base de cette conception, l&#8217;ensemble h\u00e9t\u00e9rog\u00e8ne et partiellement d\u00e9labr\u00e9 des b\u00e2timents de l&#8217;institution, \u00e9rig\u00e9 en 1881, a \u00e9t\u00e9 fondamentalement restructur\u00e9 et agrandi ; la r\u00e9alisation des cinq nouveaux b\u00e2timents et affectations diverses a eu lieu en deux ans seulement, alors que l&#8217;institution \u00e9tait encore en exploitation. Le 23 avril, Jaqueline Fehr, en charge de la justice du canton de Zurich, et Martin Neukom, en charge de la construction, ont inaugur\u00e9 le nouvel \u00e9tablissement, qui peut accueillir 94 d\u00e9tenus et 50 employ\u00e9s.<\/p>\n","protected":false},"excerpt":{"rendered":"<p>&#8220;La ferme\u00a0\u00bb le titre simple et significatif du consortium de projet Gret Loewensberg Architekten, Clea Gross Architekten et Ghisleni, auquel le jury a attribu\u00e9 la premi\u00e8re place du concours 2013 pour la transformation et l&#8217;extension du centre correctionnel de Bachtel dans l&#8217;Oberland zurichois. Sur la base de cette conception, l&#8217;ensemble h\u00e9t\u00e9rog\u00e8ne et partiellement d\u00e9labr\u00e9 des [&hellip;]<\/p>\n","protected":false},"author":101013,"featured_media":18862,"comment_status":"closed","ping_status":"closed","sticky":false,"template":"","format":"standard","meta":{"_acf_changed":false,"footnotes":""},"categories":[3],"tags":[],"class_list":["post-18968","post","type-post","status-publish","format-standard","has-post-thumbnail","hentry","category-non-classifiee"],"acf":[],"_links":{"self":[{"href":"https:\/\/lmp-ing.ch\/fr\/wp-json\/wp\/v2\/posts\/18968","targetHints":{"allow":["GET"]}}],"collection":[{"href":"https:\/\/lmp-ing.ch\/fr\/wp-json\/wp\/v2\/posts"}],"about":[{"href":"https:\/\/lmp-ing.ch\/fr\/wp-json\/wp\/v2\/types\/post"}],"author":[{"embeddable":true,"href":"https:\/\/lmp-ing.ch\/fr\/wp-json\/wp\/v2\/users\/101013"}],"replies":[{"embeddable":true,"href":"https:\/\/lmp-ing.ch\/fr\/wp-json\/wp\/v2\/comments?post=18968"}],"version-history":[{"count":2,"href":"https:\/\/lmp-ing.ch\/fr\/wp-json\/wp\/v2\/posts\/18968\/revisions"}],"predecessor-version":[{"id":18970,"href":"https:\/\/lmp-ing.ch\/fr\/wp-json\/wp\/v2\/posts\/18968\/revisions\/18970"}],"wp:featuredmedia":[{"embeddable":true,"href":"https:\/\/lmp-ing.ch\/fr\/wp-json\/wp\/v2\/media\/18862"}],"wp:attachment":[{"href":"https:\/\/lmp-ing.ch\/fr\/wp-json\/wp\/v2\/media?parent=18968"}],"wp:term":[{"taxonomy":"category","embeddable":true,"href":"https:\/\/lmp-ing.ch\/fr\/wp-json\/wp\/v2\/categories?post=18968"},{"taxonomy":"post_tag","embeddable":true,"href":"https:\/\/lmp-ing.ch\/fr\/wp-json\/wp\/v2\/tags?post=18968"}],"curies":[{"name":"wp","href":"https:\/\/api.w.org\/{rel}","templated":true}]}}