{"id":19113,"date":"2021-05-20T08:25:42","date_gmt":"2021-05-20T06:25:42","guid":{"rendered":"https:\/\/www.luechingermeyer.ch\/anna-und-otto-am-bahnhof-erlenbach\/"},"modified":"2021-05-25T14:12:52","modified_gmt":"2021-05-25T12:12:52","slug":"anna-und-otto-am-bahnhof-erlenbach","status":"publish","type":"post","link":"https:\/\/lmp-ing.ch\/fr\/anna-und-otto-am-bahnhof-erlenbach\/","title":{"rendered":"Anna et Otto \u00e0 la gare d&#8217;Erlenbach"},"content":{"rendered":"<p>Notre petite histoire de succ\u00e8s des gares de la rive droite du lac de Zurich se poursuit. Apr\u00e8s avoir r\u00e9cemment c\u00e9l\u00e9br\u00e9 la premi\u00e8re place du concours d&#8217;\u00e9tude de la <a href=\"https:\/\/www.luechingermeyer.ch\/fr\/seeterrasse-herrliberg-feldmeilen-das-kennwort-ist-programm\/\">gare de Herrliberg-Feldmeilen<\/a>, nos ing\u00e9nieurs en structure, en collaboration avec l&#8217;\u00e9quipe d&#8217;<a href=\"https:\/\/www.enf.ch\/\">Ernst Niklaus Fausch Partner<\/a>, sont maintenant ravis du succ\u00e8s du concours dans la municipalit\u00e9 voisine d&#8217;Erlenbach. Ici aussi, l&#8217;am\u00e9nagement du quartier de la gare avec un d\u00e9veloppement \u00e0 usage mixte et la revalorisation de l&#8217;espace public ont \u00e9t\u00e9 les principales t\u00e2ches.<br \/>\nLe concept du projet &#8220;<a href=\"https:\/\/www.luechingermeyer.ch\/fr\/project\/bahnhofareal-erlenbach\/\">Anna + Otto<\/a>&#8221; pr\u00e9voit la construction de deux nouveaux b\u00e2timents parall\u00e8les aux voies ferr\u00e9es, qui sont long\u00e9s, c\u00f4t\u00e9 rue, par une vaste zone de si\u00e8ges et un escalier de grande qualit\u00e9 de s\u00e9jour &#8211; la &#8220;terrasse du lac&#8221;. Une structure \u00e9lanc\u00e9e et tr\u00e8s longue (&#8220;Anna&#8221;), rappelant un wagon CFF sur une voie de garage, accueille 37 appartements aux \u00e9tages sup\u00e9rieurs et des locaux commerciaux et une garderie au rez-de-chauss\u00e9e. Le sous-sol sur deux \u00e9tages est destin\u00e9 principalement \u00e0 servir de parking. Un nouveau pavillon de forme libre sur la place de la gare (&#8220;Otto&#8221;) sert de zone d&#8217;attente pour les passagers du train et contient un kiosque, des toilettes et un parking \u00e0 v\u00e9los.<\/p>\n","protected":false},"excerpt":{"rendered":"<p>Notre petite histoire de succ\u00e8s des gares de la rive droite du lac de Zurich se poursuit. Apr\u00e8s avoir r\u00e9cemment c\u00e9l\u00e9br\u00e9 la premi\u00e8re place du concours d&#8217;\u00e9tude de la gare de Herrliberg-Feldmeilen, nos ing\u00e9nieurs en structure, en collaboration avec l&#8217;\u00e9quipe d&#8217;Ernst Niklaus Fausch Partner, sont maintenant ravis du succ\u00e8s du concours dans la municipalit\u00e9 voisine [&hellip;]<\/p>\n","protected":false},"author":101013,"featured_media":19089,"comment_status":"closed","ping_status":"closed","sticky":false,"template":"","format":"standard","meta":{"_acf_changed":false,"footnotes":""},"categories":[3],"tags":[],"class_list":["post-19113","post","type-post","status-publish","format-standard","has-post-thumbnail","hentry","category-non-classifiee"],"acf":[],"_links":{"self":[{"href":"https:\/\/lmp-ing.ch\/fr\/wp-json\/wp\/v2\/posts\/19113","targetHints":{"allow":["GET"]}}],"collection":[{"href":"https:\/\/lmp-ing.ch\/fr\/wp-json\/wp\/v2\/posts"}],"about":[{"href":"https:\/\/lmp-ing.ch\/fr\/wp-json\/wp\/v2\/types\/post"}],"author":[{"embeddable":true,"href":"https:\/\/lmp-ing.ch\/fr\/wp-json\/wp\/v2\/users\/101013"}],"replies":[{"embeddable":true,"href":"https:\/\/lmp-ing.ch\/fr\/wp-json\/wp\/v2\/comments?post=19113"}],"version-history":[{"count":3,"href":"https:\/\/lmp-ing.ch\/fr\/wp-json\/wp\/v2\/posts\/19113\/revisions"}],"predecessor-version":[{"id":19173,"href":"https:\/\/lmp-ing.ch\/fr\/wp-json\/wp\/v2\/posts\/19113\/revisions\/19173"}],"wp:featuredmedia":[{"embeddable":true,"href":"https:\/\/lmp-ing.ch\/fr\/wp-json\/wp\/v2\/media\/19089"}],"wp:attachment":[{"href":"https:\/\/lmp-ing.ch\/fr\/wp-json\/wp\/v2\/media?parent=19113"}],"wp:term":[{"taxonomy":"category","embeddable":true,"href":"https:\/\/lmp-ing.ch\/fr\/wp-json\/wp\/v2\/categories?post=19113"},{"taxonomy":"post_tag","embeddable":true,"href":"https:\/\/lmp-ing.ch\/fr\/wp-json\/wp\/v2\/tags?post=19113"}],"curies":[{"name":"wp","href":"https:\/\/api.w.org\/{rel}","templated":true}]}}