{"id":19268,"date":"2021-05-17T22:47:05","date_gmt":"2021-05-17T20:47:05","guid":{"rendered":"https:\/\/www.luechingermeyer.ch\/gefaltet-und-vorgespannt-das-tragwerk-des-stade-de-la-tuiliere-in-lausanne\/"},"modified":"2021-06-03T17:13:59","modified_gmt":"2021-06-03T15:13:59","slug":"gefaltet-und-vorgespannt-das-tragwerk-des-stade-de-la-tuiliere-in-lausanne","status":"publish","type":"post","link":"https:\/\/lmp-ing.ch\/fr\/gefaltet-und-vorgespannt-das-tragwerk-des-stade-de-la-tuiliere-in-lausanne\/","title":{"rendered":"Pliss\u00e9e et pr\u00e9contrainte &#8211; La structure porteuse du stade de la Tuili\u00e8re \u00e0 Lausanne"},"content":{"rendered":"<p>Con\u00e7u, projet\u00e9, r\u00e9alis\u00e9 &#8230; et maintenant relat\u00e9. Notre participation aux multiples facettes de la planification de la construction du nouveau stade de football \u00e0 Lausanne conna\u00eet aujourd&#8217;hui ses projections r\u00e9dactionnelles. Nous sommes heureux que notre rapport de projet &#8220;Pliss\u00e9 et pr\u00e9contraint &#8211; La structure porteuse du <a href=\"https:\/\/www.luechingermeyer.ch\/fr\/project\/stade-de-la-tuiliere-lausanne\/\">Stade de la Tuili\u00e8re \u00e0 Lausanne<\/a>&#8221; ait \u00e9t\u00e9 pris en compte dans le num\u00e9ro actuel de &#8220;<a href=\"https:\/\/www.ernst-und-sohn.de\/en\/beton-und-stahlbetonbau\">Beton- und Stahlbetonbau<\/a>&#8221; (05\/21). Nous sommes heureux de pr\u00e9senter le concept structurelle sophistiqu\u00e9 aux lecteurs avertis de la c\u00e9l\u00e8bre revue. Apr\u00e8s des remarques introductives sur l&#8217;origine et l&#8217;architecture du projet, les auteurs Andrea Bassetti &#8211; chef de projet pour l&#8217;ing\u00e9nierie structurelle &#8211; et Matthias Kunze consacrent neuf pages \u00e0 la structure porteuse du stade. Le concept structurel global et les d\u00e9fis de la construction sont expliqu\u00e9s en d\u00e9tail. De nombreuses photographies informatives, des sections de plans et des illustrations d\u00e9taill\u00e9es illustrent de mani\u00e8re tr\u00e8s imag\u00e9e le rapport technique.<\/p>\n","protected":false},"excerpt":{"rendered":"<p>Con\u00e7u, projet\u00e9, r\u00e9alis\u00e9 &#8230; et maintenant relat\u00e9. Notre participation aux multiples facettes de la planification de la construction du nouveau stade de football \u00e0 Lausanne conna\u00eet aujourd&#8217;hui ses projections r\u00e9dactionnelles. Nous sommes heureux que notre rapport de projet &#8220;Pliss\u00e9 et pr\u00e9contraint &#8211; La structure porteuse du Stade de la Tuili\u00e8re \u00e0 Lausanne&#8221; ait \u00e9t\u00e9 pris [&hellip;]<\/p>\n","protected":false},"author":101013,"featured_media":19007,"comment_status":"closed","ping_status":"closed","sticky":false,"template":"","format":"standard","meta":{"_acf_changed":false,"footnotes":""},"categories":[3],"tags":[],"class_list":["post-19268","post","type-post","status-publish","format-standard","has-post-thumbnail","hentry","category-non-classifiee"],"acf":[],"_links":{"self":[{"href":"https:\/\/lmp-ing.ch\/fr\/wp-json\/wp\/v2\/posts\/19268","targetHints":{"allow":["GET"]}}],"collection":[{"href":"https:\/\/lmp-ing.ch\/fr\/wp-json\/wp\/v2\/posts"}],"about":[{"href":"https:\/\/lmp-ing.ch\/fr\/wp-json\/wp\/v2\/types\/post"}],"author":[{"embeddable":true,"href":"https:\/\/lmp-ing.ch\/fr\/wp-json\/wp\/v2\/users\/101013"}],"replies":[{"embeddable":true,"href":"https:\/\/lmp-ing.ch\/fr\/wp-json\/wp\/v2\/comments?post=19268"}],"version-history":[{"count":2,"href":"https:\/\/lmp-ing.ch\/fr\/wp-json\/wp\/v2\/posts\/19268\/revisions"}],"predecessor-version":[{"id":19270,"href":"https:\/\/lmp-ing.ch\/fr\/wp-json\/wp\/v2\/posts\/19268\/revisions\/19270"}],"wp:featuredmedia":[{"embeddable":true,"href":"https:\/\/lmp-ing.ch\/fr\/wp-json\/wp\/v2\/media\/19007"}],"wp:attachment":[{"href":"https:\/\/lmp-ing.ch\/fr\/wp-json\/wp\/v2\/media?parent=19268"}],"wp:term":[{"taxonomy":"category","embeddable":true,"href":"https:\/\/lmp-ing.ch\/fr\/wp-json\/wp\/v2\/categories?post=19268"},{"taxonomy":"post_tag","embeddable":true,"href":"https:\/\/lmp-ing.ch\/fr\/wp-json\/wp\/v2\/tags?post=19268"}],"curies":[{"name":"wp","href":"https:\/\/api.w.org\/{rel}","templated":true}]}}