{"id":19366,"date":"2021-06-13T21:42:40","date_gmt":"2021-06-13T19:42:40","guid":{"rendered":"https:\/\/www.luechingermeyer.ch\/fernwaermezentrale-2-0\/"},"modified":"2021-06-15T07:30:58","modified_gmt":"2021-06-15T05:30:58","slug":"fernwaermezentrale-2-0","status":"publish","type":"post","link":"https:\/\/lmp-ing.ch\/fr\/fernwaermezentrale-2-0\/","title":{"rendered":"Centrale de chauffage \u00e0 distance 2.0"},"content":{"rendered":"<p>La votation d\u2019aujourd\u2019hui sur la loi de CO2 a montr\u00e9 une fois de plus \u2013 la ville de Saint-Gall ne plaisant pas avec son engagement pour la protection du climat. Le <a href=\"https:\/\/www.stadt.sg.ch\/home\/raum-umwelt\/energie\/energiekonzept-2050.html\">concept \u00e9nerg\u00e9tique 2050<\/a> vise de r\u00e9duire les \u00e9missions de CO2 a net z\u00e9ro et de replacer les \u00e9nergies fossiles par des renouvelables. L&#8217;extension du r\u00e9seau de chauffage urbain est l&#8217;une des plus de 150 mesures pr\u00e9vues ou d\u00e9j\u00e0 mises en \u0153uvre dans le cadre de cette strat\u00e9gie ambitieuse. En rapport avec \u00e7a, les <a href=\"https:\/\/www.sgsw.ch\/\">services municipaux de Saint-Gall<\/a> sont en train d\u2019\u00e9difier plusieurs infrastructures dans la ville. Le premier d&#8217;entre eux \u00e9tait le <a href=\"https:\/\/www.luechingermeyer.ch\/fr\/project\/fernwaermezentrale-waldau-st-gallen\/\">centre de chauffage urbain de Waldau<\/a>, qui a \u00e9t\u00e9 achev\u00e9 en 2016. Il sera suivi cette ann\u00e9e par sa &#8220;petite s\u0153ur&#8221;, le <a href=\"https:\/\/www.luechingermeyer.ch\/fr\/project\/fernwaermezentrale-lukasmuehle-st-gallen\/\">centre de chauffage urbain (CCU) de Lukasm\u00fchle<\/a>. Il constitue la pi\u00e8ce ma\u00eetresse du d\u00e9veloppement des zones r\u00e9sidentielles de l&#8217;est de la ville et sa mise en service est pr\u00e9vue pour la fin de 2021. Le gros \u0153uvre du b\u00e2timent est d\u00e9sormais achev\u00e9 et les syst\u00e8mes techniques complets sont en cours d&#8217;installation.<\/p>\n","protected":false},"excerpt":{"rendered":"<p>La votation d\u2019aujourd\u2019hui sur la loi de CO2 a montr\u00e9 une fois de plus \u2013 la ville de Saint-Gall ne plaisant pas avec son engagement pour la protection du climat. Le concept \u00e9nerg\u00e9tique 2050 vise de r\u00e9duire les \u00e9missions de CO2 a net z\u00e9ro et de replacer les \u00e9nergies fossiles par des renouvelables. L&#8217;extension du [&hellip;]<\/p>\n","protected":false},"author":101013,"featured_media":19341,"comment_status":"closed","ping_status":"closed","sticky":false,"template":"","format":"standard","meta":{"_acf_changed":false,"footnotes":""},"categories":[3],"tags":[],"class_list":["post-19366","post","type-post","status-publish","format-standard","has-post-thumbnail","hentry","category-non-classifiee"],"acf":[],"_links":{"self":[{"href":"https:\/\/lmp-ing.ch\/fr\/wp-json\/wp\/v2\/posts\/19366","targetHints":{"allow":["GET"]}}],"collection":[{"href":"https:\/\/lmp-ing.ch\/fr\/wp-json\/wp\/v2\/posts"}],"about":[{"href":"https:\/\/lmp-ing.ch\/fr\/wp-json\/wp\/v2\/types\/post"}],"author":[{"embeddable":true,"href":"https:\/\/lmp-ing.ch\/fr\/wp-json\/wp\/v2\/users\/101013"}],"replies":[{"embeddable":true,"href":"https:\/\/lmp-ing.ch\/fr\/wp-json\/wp\/v2\/comments?post=19366"}],"version-history":[{"count":3,"href":"https:\/\/lmp-ing.ch\/fr\/wp-json\/wp\/v2\/posts\/19366\/revisions"}],"predecessor-version":[{"id":19402,"href":"https:\/\/lmp-ing.ch\/fr\/wp-json\/wp\/v2\/posts\/19366\/revisions\/19402"}],"wp:featuredmedia":[{"embeddable":true,"href":"https:\/\/lmp-ing.ch\/fr\/wp-json\/wp\/v2\/media\/19341"}],"wp:attachment":[{"href":"https:\/\/lmp-ing.ch\/fr\/wp-json\/wp\/v2\/media?parent=19366"}],"wp:term":[{"taxonomy":"category","embeddable":true,"href":"https:\/\/lmp-ing.ch\/fr\/wp-json\/wp\/v2\/categories?post=19366"},{"taxonomy":"post_tag","embeddable":true,"href":"https:\/\/lmp-ing.ch\/fr\/wp-json\/wp\/v2\/tags?post=19366"}],"curies":[{"name":"wp","href":"https:\/\/api.w.org\/{rel}","templated":true}]}}