{"id":19577,"date":"2021-06-23T15:26:40","date_gmt":"2021-06-23T13:26:40","guid":{"rendered":"https:\/\/www.luechingermeyer.ch\/es-ist-aufgerichtet-und-angerichtet\/"},"modified":"2021-06-25T15:28:11","modified_gmt":"2021-06-25T13:28:11","slug":"es-ist-aufgerichtet-und-angerichtet","status":"publish","type":"post","link":"https:\/\/lmp-ing.ch\/fr\/es-ist-aufgerichtet-und-angerichtet\/","title":{"rendered":"Mise en place et mise de table \u00e0 Wallisellen"},"content":{"rendered":"<p>Le d\u00e9veloppement de la <a href=\"https:\/\/www.wallisellen.ch\/\">municipalit\u00e9 de Wallisellen<\/a> au cours des derni\u00e8res d\u00e9cennies a entra\u00een\u00e9 une augmentation significative des d\u00e9penses administratives. Les autorit\u00e9s municipales r\u00e9pondent actuellement au besoin d&#8217;espace aussi accru, par un projet de construction ambitieux, avec lequel l&#8217;administration de Wallisellen s&#8217;\u00e9quipe pour les prochaines d\u00e9cennies. Une extension spacieuse de sept \u00e9tages est en train d&#8217;\u00eatre ajout\u00e9e au b\u00e2timent municipal class\u00e9, ce qui permettra de rassembler \u00e0 nouveau tous les services de l&#8217;administration municipale en un seul endroit. Le lien structurel entre l&#8217;ancien et le nouveau symbolise \u00e9galement le d\u00e9veloppement de la municipalit\u00e9 dans le pass\u00e9 et dans les ann\u00e9es \u00e0 venir. L&#8217;orientation verticale du nouveau b\u00e2timent permet de r\u00e9pondre aux besoins d&#8217;espace suppl\u00e9mentaires sans qu&#8217;il soit n\u00e9cessaire d&#8217;occuper de nouveaux terrains.<\/p>\n","protected":false},"excerpt":{"rendered":"<p>Le d\u00e9veloppement de la municipalit\u00e9 de Wallisellen au cours des derni\u00e8res d\u00e9cennies a entra\u00een\u00e9 une augmentation significative des d\u00e9penses administratives. Les autorit\u00e9s municipales r\u00e9pondent actuellement au besoin d&#8217;espace aussi accru, par un projet de construction ambitieux, avec lequel l&#8217;administration de Wallisellen s&#8217;\u00e9quipe pour les prochaines d\u00e9cennies. Une extension spacieuse de sept \u00e9tages est en train [&hellip;]<\/p>\n","protected":false},"author":101013,"featured_media":19543,"comment_status":"closed","ping_status":"closed","sticky":false,"template":"","format":"standard","meta":{"_acf_changed":false,"footnotes":""},"categories":[3],"tags":[],"class_list":["post-19577","post","type-post","status-publish","format-standard","has-post-thumbnail","hentry","category-non-classifiee"],"acf":[],"_links":{"self":[{"href":"https:\/\/lmp-ing.ch\/fr\/wp-json\/wp\/v2\/posts\/19577","targetHints":{"allow":["GET"]}}],"collection":[{"href":"https:\/\/lmp-ing.ch\/fr\/wp-json\/wp\/v2\/posts"}],"about":[{"href":"https:\/\/lmp-ing.ch\/fr\/wp-json\/wp\/v2\/types\/post"}],"author":[{"embeddable":true,"href":"https:\/\/lmp-ing.ch\/fr\/wp-json\/wp\/v2\/users\/101013"}],"replies":[{"embeddable":true,"href":"https:\/\/lmp-ing.ch\/fr\/wp-json\/wp\/v2\/comments?post=19577"}],"version-history":[{"count":2,"href":"https:\/\/lmp-ing.ch\/fr\/wp-json\/wp\/v2\/posts\/19577\/revisions"}],"predecessor-version":[{"id":19579,"href":"https:\/\/lmp-ing.ch\/fr\/wp-json\/wp\/v2\/posts\/19577\/revisions\/19579"}],"wp:featuredmedia":[{"embeddable":true,"href":"https:\/\/lmp-ing.ch\/fr\/wp-json\/wp\/v2\/media\/19543"}],"wp:attachment":[{"href":"https:\/\/lmp-ing.ch\/fr\/wp-json\/wp\/v2\/media?parent=19577"}],"wp:term":[{"taxonomy":"category","embeddable":true,"href":"https:\/\/lmp-ing.ch\/fr\/wp-json\/wp\/v2\/categories?post=19577"},{"taxonomy":"post_tag","embeddable":true,"href":"https:\/\/lmp-ing.ch\/fr\/wp-json\/wp\/v2\/tags?post=19577"}],"curies":[{"name":"wp","href":"https:\/\/api.w.org\/{rel}","templated":true}]}}