{"id":19661,"date":"2021-06-29T14:50:04","date_gmt":"2021-06-29T12:50:04","guid":{"rendered":"https:\/\/www.luechingermeyer.ch\/guy-montag\/"},"modified":"2021-07-05T13:51:18","modified_gmt":"2021-07-05T11:51:18","slug":"guy-montag","status":"publish","type":"post","link":"https:\/\/lmp-ing.ch\/fr\/guy-montag\/","title":{"rendered":"Guy Montag"},"content":{"rendered":"<p>Une nouvelle biblioth\u00e8que pour la ville et le canton doit \u00eatre construite sur le site de l&#8217;Union\/Blumenmarkt dans la ville de Saint-Gall, en remplacement des installations provisoires et d\u00e9centralis\u00e9es actuelles. \u00c0 l&#8217;avenir, les biblioth\u00e8ques cantonales et municipales seront fusionn\u00e9es sur le plan op\u00e9rationnel et spatial. Dans le cadre d&#8217;un concours, des projets ont \u00e9t\u00e9 \u00e9labor\u00e9s pour une biblioth\u00e8que moderne \u00e9quip\u00e9e pour r\u00e9pondre aux exigences de l&#8217;avenir dans le sens d&#8217;une &#8220;biblioth\u00e8que publique&#8221;, qui combine les diverses offres et utilisations sous un m\u00eame toit de mani\u00e8re synergique et fonctionnellement coh\u00e9rente.<\/p>\n<p>La <a href=\"https:\/\/www.luechingermeyer.ch\/fr\/project\/neue-bibliothek-st-gallen\/\">proposition de projet<\/a> \u00e9labor\u00e9e par <a href=\"https:\/\/www.e2a.ch\/\">E2A Piet Eckert et Wim Eckert Architects<\/a> en collaboration avec L\u00fcchinger+Meyer a obtenu la deuxi\u00e8me place. Les concepteurs ont choisi &#8220;Guy Montag&#8221; comme titre du projet et comme compagnon symbolique puissant. Le protagoniste du c\u00e9l\u00e8bre roman &#8220;Fahrenheit 451&#8221; de Ray Bradbury d\u00e9couvre l&#8217;amour &#8220;interdit&#8221; de la litt\u00e9rature dans un syst\u00e8me totalitaire et devient un conservateur et un d\u00e9fenseur des livres. La conception du m\u00eame nom pr\u00e9voit une &#8220;strat\u00e9gie bienvenue de pr\u00e9servation et de mise \u00e0 niveau des b\u00e2timents principaux et des annexes du b\u00e2timent de l&#8217;Union&#8221;. Il sera accompagn\u00e9 d&#8217;un nouveau b\u00e2timent de huit \u00e9tages, en forme de tour, qui int\u00e9grera une vari\u00e9t\u00e9 d&#8217;utilisations souhait\u00e9es.<\/p>\n<p>&nbsp;<\/p>\n","protected":false},"excerpt":{"rendered":"<p>Une nouvelle biblioth\u00e8que pour la ville et le canton doit \u00eatre construite sur le site de l&#8217;Union\/Blumenmarkt dans la ville de Saint-Gall, en remplacement des installations provisoires et d\u00e9centralis\u00e9es actuelles. \u00c0 l&#8217;avenir, les biblioth\u00e8ques cantonales et municipales seront fusionn\u00e9es sur le plan op\u00e9rationnel et spatial. Dans le cadre d&#8217;un concours, des projets ont \u00e9t\u00e9 \u00e9labor\u00e9s [&hellip;]<\/p>\n","protected":false},"author":101013,"featured_media":19602,"comment_status":"closed","ping_status":"closed","sticky":false,"template":"","format":"standard","meta":{"_acf_changed":false,"footnotes":""},"categories":[3],"tags":[],"class_list":["post-19661","post","type-post","status-publish","format-standard","has-post-thumbnail","hentry","category-non-classifiee"],"acf":[],"_links":{"self":[{"href":"https:\/\/lmp-ing.ch\/fr\/wp-json\/wp\/v2\/posts\/19661","targetHints":{"allow":["GET"]}}],"collection":[{"href":"https:\/\/lmp-ing.ch\/fr\/wp-json\/wp\/v2\/posts"}],"about":[{"href":"https:\/\/lmp-ing.ch\/fr\/wp-json\/wp\/v2\/types\/post"}],"author":[{"embeddable":true,"href":"https:\/\/lmp-ing.ch\/fr\/wp-json\/wp\/v2\/users\/101013"}],"replies":[{"embeddable":true,"href":"https:\/\/lmp-ing.ch\/fr\/wp-json\/wp\/v2\/comments?post=19661"}],"version-history":[{"count":3,"href":"https:\/\/lmp-ing.ch\/fr\/wp-json\/wp\/v2\/posts\/19661\/revisions"}],"predecessor-version":[{"id":19664,"href":"https:\/\/lmp-ing.ch\/fr\/wp-json\/wp\/v2\/posts\/19661\/revisions\/19664"}],"wp:featuredmedia":[{"embeddable":true,"href":"https:\/\/lmp-ing.ch\/fr\/wp-json\/wp\/v2\/media\/19602"}],"wp:attachment":[{"href":"https:\/\/lmp-ing.ch\/fr\/wp-json\/wp\/v2\/media?parent=19661"}],"wp:term":[{"taxonomy":"category","embeddable":true,"href":"https:\/\/lmp-ing.ch\/fr\/wp-json\/wp\/v2\/categories?post=19661"},{"taxonomy":"post_tag","embeddable":true,"href":"https:\/\/lmp-ing.ch\/fr\/wp-json\/wp\/v2\/tags?post=19661"}],"curies":[{"name":"wp","href":"https:\/\/api.w.org\/{rel}","templated":true}]}}