{"id":19761,"date":"2021-07-16T23:08:29","date_gmt":"2021-07-16T21:08:29","guid":{"rendered":"https:\/\/www.luechingermeyer.ch\/bill-in-wetzikon\/"},"modified":"2021-07-19T10:41:07","modified_gmt":"2021-07-19T08:41:07","slug":"bill-in-wetzikon","status":"publish","type":"post","link":"https:\/\/lmp-ing.ch\/fr\/bill-in-wetzikon\/","title":{"rendered":"BILL \u00e0 Wetzikon"},"content":{"rendered":"<p>Wetzikon s&#8217;av\u00e8re \u00eatre un endroit propice pour les concours auxquels participent les ing\u00e9nieurs en structure de L\u00fcchinger+Meyer. Apr\u00e8s un premier succ\u00e8s l&#8217;ann\u00e9e pass\u00e9e dans le cadre de la <a href=\"https:\/\/www.luechingermeyer.ch\/fr\/ein-tribut-an-willi-egli-sanierung-stadthaus-wetzikon\/\">r\u00e9novation de l&#8217;h\u00f4tel de ville<\/a>, nous sommes ravis d&#8217;avoir remport\u00e9 la premi\u00e8re place du concours pour la r\u00e9novation globale et l&#8217;extension du <a href=\"https:\/\/www.luechingermeyer.ch\/fr\/project\/schulanlage-walenbach-wetzikon-gesamtsanierung-und-erweiterung\/\">complexe scolaire de Walenbach<\/a> au sein de l&#8217;\u00e9quipe <a href=\"https:\/\/www.wdarchitekten.ch\/\">Waeber \/ Dickenmann \/ Partner<\/a>. Hier comme aujourd&#8217;hui, la c\u00e9l\u00e8bre citation de Gottfried Keller a inspir\u00e9 le travail de conception : &#8220;Gardons l&#8217;ancien car il est bon. Mais sur le vieux terrain, cr\u00e9ons de nouvelles choses \u00e0 chaque heure.&#8221;<br \/>\nLe complexe scolaire actuel a \u00e9t\u00e9 construit en 1975 par le cabinet d&#8217;architectes Jost Meier Architekten de Wetzikon. Sur la base d&#8217;une \u00e9tude de faisabilit\u00e9, les responsables du projet ont d\u00e9cid\u00e9 de r\u00e9nover le b\u00e2timent existant. Pour des raisons de durabilit\u00e9, le choix a \u00e9t\u00e9 fait de conserver le b\u00e2timent existant d\u2019une grande qualit\u00e9 architecturale qui comprend le b\u00e2timent scolaire A, une salle de gymnastique et une salle de chant. Il sera compl\u00e9t\u00e9 par une nouvelle aile B afin de r\u00e9pondre aux nouvelles exigences de l\u2019\u00e9cole. Il contiendra entre autres des salles de classe suppl\u00e9mentaires et des espaces pour l\u2019\u00e9cole enfantine.<br \/>\nLe projet BILL pr\u00e9voit une extension vers le sud-ouest par le biais d&#8217;une structure de deux \u00e9tages dont la conception s&#8217;inspire du b\u00e2timent existant construit en b\u00e9ton arm\u00e9. Le r\u00e9sultat est une structure expressive et une m\u00e9thode de construction contemporaine et \u00e9cologique. Le jury a explicitement reconnu le succ\u00e8s de cette approche : &#8220;La mise en \u0153uvre de la construction mixte bois-b\u00e9ton en tant qu&#8217;interpr\u00e9tation et transformation contemporaine du b\u00e2timent existant avec le principe d&#8217;assemblages visibles des \u00e9l\u00e9ments porteurs verticaux et horizontaux, est tr\u00e8s convaincante&#8221;.<\/p>\n","protected":false},"excerpt":{"rendered":"<p>Wetzikon s&#8217;av\u00e8re \u00eatre un endroit propice pour les concours auxquels participent les ing\u00e9nieurs en structure de L\u00fcchinger+Meyer. Apr\u00e8s un premier succ\u00e8s l&#8217;ann\u00e9e pass\u00e9e dans le cadre de la r\u00e9novation de l&#8217;h\u00f4tel de ville, nous sommes ravis d&#8217;avoir remport\u00e9 la premi\u00e8re place du concours pour la r\u00e9novation globale et l&#8217;extension du complexe scolaire de Walenbach au [&hellip;]<\/p>\n","protected":false},"author":101013,"featured_media":19751,"comment_status":"closed","ping_status":"closed","sticky":false,"template":"","format":"standard","meta":{"_acf_changed":false,"footnotes":""},"categories":[3],"tags":[],"class_list":["post-19761","post","type-post","status-publish","format-standard","has-post-thumbnail","hentry","category-non-classifiee"],"acf":[],"_links":{"self":[{"href":"https:\/\/lmp-ing.ch\/fr\/wp-json\/wp\/v2\/posts\/19761","targetHints":{"allow":["GET"]}}],"collection":[{"href":"https:\/\/lmp-ing.ch\/fr\/wp-json\/wp\/v2\/posts"}],"about":[{"href":"https:\/\/lmp-ing.ch\/fr\/wp-json\/wp\/v2\/types\/post"}],"author":[{"embeddable":true,"href":"https:\/\/lmp-ing.ch\/fr\/wp-json\/wp\/v2\/users\/101013"}],"replies":[{"embeddable":true,"href":"https:\/\/lmp-ing.ch\/fr\/wp-json\/wp\/v2\/comments?post=19761"}],"version-history":[{"count":2,"href":"https:\/\/lmp-ing.ch\/fr\/wp-json\/wp\/v2\/posts\/19761\/revisions"}],"predecessor-version":[{"id":19763,"href":"https:\/\/lmp-ing.ch\/fr\/wp-json\/wp\/v2\/posts\/19761\/revisions\/19763"}],"wp:featuredmedia":[{"embeddable":true,"href":"https:\/\/lmp-ing.ch\/fr\/wp-json\/wp\/v2\/media\/19751"}],"wp:attachment":[{"href":"https:\/\/lmp-ing.ch\/fr\/wp-json\/wp\/v2\/media?parent=19761"}],"wp:term":[{"taxonomy":"category","embeddable":true,"href":"https:\/\/lmp-ing.ch\/fr\/wp-json\/wp\/v2\/categories?post=19761"},{"taxonomy":"post_tag","embeddable":true,"href":"https:\/\/lmp-ing.ch\/fr\/wp-json\/wp\/v2\/tags?post=19761"}],"curies":[{"name":"wp","href":"https:\/\/api.w.org\/{rel}","templated":true}]}}