{"id":20770,"date":"2021-09-20T22:38:05","date_gmt":"2021-09-20T20:38:05","guid":{"rendered":"https:\/\/www.luechingermeyer.ch\/doppelt-gut-gebaut\/"},"modified":"2021-09-21T16:36:20","modified_gmt":"2021-09-21T14:36:20","slug":"doppelt-gut-gebaut","status":"publish","type":"post","link":"https:\/\/lmp-ing.ch\/fr\/doppelt-gut-gebaut\/","title":{"rendered":"Doublement bien construit"},"content":{"rendered":"<p>Le 20 septembre 2021, <a href=\"https:\/\/www.stadt-zuerich.ch\/hbd\/de\/index\/staedtebau\/architektur\/auszeichnung\/ausgezeichnete-bauten\/2016-2020.html\">les prix r\u00e9compensant les meilleurs b\u00e2timents de la ville de Zurich<\/a> ont \u00e9t\u00e9 d\u00e9cern\u00e9s pour la 18\u00e8me fois. Depuis environ 70 ans, la ville encourage, par cet hommage, &#8220;une culture de la construction diversifi\u00e9e et de qualit\u00e9, ainsi que la sensibilisation du public et un discours ouvert sur l\u2019urbanisme et l\u2019architecture&#8221;. La pr\u00e9sidente de la ville Corine Mauch et les conseillers municipaux Andr\u00e9 Odermatt et Richard Wolff ont remis douze de ces prestigieuses r\u00e9compenses \u00e0 des b\u00e2timents r\u00e9alis\u00e9s entre 2016 et 2020.<br \/>\nNous sommes tr\u00e8s heureux que le <a href=\"https:\/\/www.stadt-zuerich.ch\/hbd\/de\/index\/staedtebau\/architektur\/auszeichnung\/ausgezeichnete-bauten\/2016-2020\/aba187.html\">b\u00e2timent r\u00e9sidentiel et commercial de Schlotterbeck<\/a> ainsi que le complexe <a href=\"https:\/\/www.stadt-zuerich.ch\/hbd\/de\/index\/staedtebau\/architektur\/auszeichnung\/ausgezeichnete-bauten\/2016-2020\/aba192.html\">Sch\u00fctze-Areal<\/a>, aient \u00e9t\u00e9 r\u00e9compens\u00e9s.<\/p>\n<p>&nbsp;<\/p>\n","protected":false},"excerpt":{"rendered":"<p>Le 20 septembre 2021, les prix r\u00e9compensant les meilleurs b\u00e2timents de la ville de Zurich ont \u00e9t\u00e9 d\u00e9cern\u00e9s pour la 18\u00e8me fois. Depuis environ 70 ans, la ville encourage, par cet hommage, &#8220;une culture de la construction diversifi\u00e9e et de qualit\u00e9, ainsi que la sensibilisation du public et un discours ouvert sur l\u2019urbanisme et l\u2019architecture&#8221;. [&hellip;]<\/p>\n","protected":false},"author":101013,"featured_media":20743,"comment_status":"closed","ping_status":"closed","sticky":false,"template":"","format":"standard","meta":{"_acf_changed":false,"footnotes":""},"categories":[3],"tags":[],"class_list":["post-20770","post","type-post","status-publish","format-standard","has-post-thumbnail","hentry","category-non-classifiee"],"acf":[],"_links":{"self":[{"href":"https:\/\/lmp-ing.ch\/fr\/wp-json\/wp\/v2\/posts\/20770","targetHints":{"allow":["GET"]}}],"collection":[{"href":"https:\/\/lmp-ing.ch\/fr\/wp-json\/wp\/v2\/posts"}],"about":[{"href":"https:\/\/lmp-ing.ch\/fr\/wp-json\/wp\/v2\/types\/post"}],"author":[{"embeddable":true,"href":"https:\/\/lmp-ing.ch\/fr\/wp-json\/wp\/v2\/users\/101013"}],"replies":[{"embeddable":true,"href":"https:\/\/lmp-ing.ch\/fr\/wp-json\/wp\/v2\/comments?post=20770"}],"version-history":[{"count":2,"href":"https:\/\/lmp-ing.ch\/fr\/wp-json\/wp\/v2\/posts\/20770\/revisions"}],"predecessor-version":[{"id":20772,"href":"https:\/\/lmp-ing.ch\/fr\/wp-json\/wp\/v2\/posts\/20770\/revisions\/20772"}],"wp:featuredmedia":[{"embeddable":true,"href":"https:\/\/lmp-ing.ch\/fr\/wp-json\/wp\/v2\/media\/20743"}],"wp:attachment":[{"href":"https:\/\/lmp-ing.ch\/fr\/wp-json\/wp\/v2\/media?parent=20770"}],"wp:term":[{"taxonomy":"category","embeddable":true,"href":"https:\/\/lmp-ing.ch\/fr\/wp-json\/wp\/v2\/categories?post=20770"},{"taxonomy":"post_tag","embeddable":true,"href":"https:\/\/lmp-ing.ch\/fr\/wp-json\/wp\/v2\/tags?post=20770"}],"curies":[{"name":"wp","href":"https:\/\/api.w.org\/{rel}","templated":true}]}}