{"id":20811,"date":"2021-09-26T10:01:00","date_gmt":"2021-09-26T08:01:00","guid":{"rendered":"https:\/\/www.luechingermeyer.ch\/10km-de-lausanne\/"},"modified":"2021-09-27T18:05:55","modified_gmt":"2021-09-27T16:05:55","slug":"10km-de-lausanne","status":"publish","type":"post","link":"https:\/\/lmp-ing.ch\/fr\/10km-de-lausanne\/","title":{"rendered":"10KM de Lausanne"},"content":{"rendered":"<p>Lausanne dans la fi\u00e8vre de la course. Apr\u00e8s l&#8217;annulation de l&#8217;\u00e9v\u00e9nement populaire &#8220;<a href=\"https:\/\/20km.ch\/\">20KM de Lausanne<\/a>&#8221; l&#8217;ann\u00e9e derni\u00e8re, les amateurs vaudois de course \u00e0 pied attendaient avec impatience l&#8217;\u00e9dition de cette ann\u00e9e. Du 22 septembre au 3 octobre, l&#8217;\u00e9v\u00e9nement offre une vari\u00e9t\u00e9 de formats de course pour tous les \u00e2ges et tous les niveaux.<br \/>\nParmi les 704 hommes et 934 femmes qui ont parcouru les 10 km samedi soir, les cinq participants de L\u00fcchinger+Meyer Lausanne ont pris le d\u00e9part ensemble pour la premi\u00e8re fois.<\/p>\n","protected":false},"excerpt":{"rendered":"<p>Lausanne dans la fi\u00e8vre de la course. Apr\u00e8s l&#8217;annulation de l&#8217;\u00e9v\u00e9nement populaire &#8220;20KM de Lausanne&#8221; l&#8217;ann\u00e9e derni\u00e8re, les amateurs vaudois de course \u00e0 pied attendaient avec impatience l&#8217;\u00e9dition de cette ann\u00e9e. Du 22 septembre au 3 octobre, l&#8217;\u00e9v\u00e9nement offre une vari\u00e9t\u00e9 de formats de course pour tous les \u00e2ges et tous les niveaux. Parmi les [&hellip;]<\/p>\n","protected":false},"author":101013,"featured_media":20801,"comment_status":"closed","ping_status":"closed","sticky":false,"template":"","format":"standard","meta":{"_acf_changed":false,"footnotes":""},"categories":[3],"tags":[],"class_list":["post-20811","post","type-post","status-publish","format-standard","has-post-thumbnail","hentry","category-non-classifiee"],"acf":[],"_links":{"self":[{"href":"https:\/\/lmp-ing.ch\/fr\/wp-json\/wp\/v2\/posts\/20811","targetHints":{"allow":["GET"]}}],"collection":[{"href":"https:\/\/lmp-ing.ch\/fr\/wp-json\/wp\/v2\/posts"}],"about":[{"href":"https:\/\/lmp-ing.ch\/fr\/wp-json\/wp\/v2\/types\/post"}],"author":[{"embeddable":true,"href":"https:\/\/lmp-ing.ch\/fr\/wp-json\/wp\/v2\/users\/101013"}],"replies":[{"embeddable":true,"href":"https:\/\/lmp-ing.ch\/fr\/wp-json\/wp\/v2\/comments?post=20811"}],"version-history":[{"count":1,"href":"https:\/\/lmp-ing.ch\/fr\/wp-json\/wp\/v2\/posts\/20811\/revisions"}],"predecessor-version":[{"id":20812,"href":"https:\/\/lmp-ing.ch\/fr\/wp-json\/wp\/v2\/posts\/20811\/revisions\/20812"}],"wp:featuredmedia":[{"embeddable":true,"href":"https:\/\/lmp-ing.ch\/fr\/wp-json\/wp\/v2\/media\/20801"}],"wp:attachment":[{"href":"https:\/\/lmp-ing.ch\/fr\/wp-json\/wp\/v2\/media?parent=20811"}],"wp:term":[{"taxonomy":"category","embeddable":true,"href":"https:\/\/lmp-ing.ch\/fr\/wp-json\/wp\/v2\/categories?post=20811"},{"taxonomy":"post_tag","embeddable":true,"href":"https:\/\/lmp-ing.ch\/fr\/wp-json\/wp\/v2\/tags?post=20811"}],"curies":[{"name":"wp","href":"https:\/\/api.w.org\/{rel}","templated":true}]}}