{"id":20958,"date":"2021-10-03T22:11:33","date_gmt":"2021-10-03T20:11:33","guid":{"rendered":"https:\/\/www.luechingermeyer.ch\/steelweek\/"},"modified":"2021-10-08T10:14:45","modified_gmt":"2021-10-08T08:14:45","slug":"steelweek","status":"publish","type":"post","link":"https:\/\/lmp-ing.ch\/fr\/steelweek\/","title":{"rendered":"steelweek+"},"content":{"rendered":"<p><a href=\"https:\/\/steelweek.ch\/fr\/\">steel<strong>week<\/strong>+<\/a>. Titre fort. Un th\u00e8me fort. Un <a href=\"https:\/\/steelweek.ch\/#programm\">programme<\/a> solide. Apr\u00e8s le grand succ\u00e8s de <a href=\"https:\/\/www.luechingermeyer.ch\/en\/steelday-2018-lm-im-zeichen-des-stahls\/\">steelday 2018<\/a>, <a href=\"https:\/\/www.metalsuisse.ch\/\">metal.suisse<\/a>, l&#8217;organisation fa\u00eeti\u00e8re de la construction en acier, en m\u00e9tal et en fa\u00e7ade, invite \u00e0 nouveau les participants \u00e0 un grand \u00e9v\u00e9nement de r\u00e9seautage, de discussion et d&#8217;information du 4 au 7 octobre. Compte tenu des conditions limites difficiles au moment de l&#8217;organisation, un nouveau format pour l&#8217;\u00e9v\u00e9nement a \u00e9t\u00e9 recherch\u00e9 et trouv\u00e9. steelweek+ s&#8217;appuie principalement sur la diffusion num\u00e9rique. Du lundi au jeudi, des discussions d&#8217;une heure et demie sur le th\u00e8me &#8220;Les m\u00e9taux dans la construction &#8211; innovants et circulaires&#8221; ont lieu \u00e0 l&#8217;heure du d\u00e9jeuner et sont diffus\u00e9es en direct du studio sous forme de sessions en ligne. Ils seront mod\u00e9r\u00e9s par la r\u00e9dactrice en chef de TEC21, Judit Solt. Le &#8220;furioso final&#8221; de steelweek+ sera la c\u00e9r\u00e9monie de remise des <a href=\"https:\/\/steelpromotion.ch\/fr\/prixacier\/\">Prix Acier<\/a> le soir du 7 octobre 2021, dans le cadre personnel et festif du Kursaal de Berne.<\/p>\n","protected":false},"excerpt":{"rendered":"<p>steelweek+. Titre fort. Un th\u00e8me fort. Un programme solide. Apr\u00e8s le grand succ\u00e8s de steelday 2018, metal.suisse, l&#8217;organisation fa\u00eeti\u00e8re de la construction en acier, en m\u00e9tal et en fa\u00e7ade, invite \u00e0 nouveau les participants \u00e0 un grand \u00e9v\u00e9nement de r\u00e9seautage, de discussion et d&#8217;information du 4 au 7 octobre. Compte tenu des conditions limites difficiles [&hellip;]<\/p>\n","protected":false},"author":101013,"featured_media":20906,"comment_status":"closed","ping_status":"closed","sticky":false,"template":"","format":"standard","meta":{"_acf_changed":false,"footnotes":""},"categories":[3],"tags":[],"class_list":["post-20958","post","type-post","status-publish","format-standard","has-post-thumbnail","hentry","category-non-classifiee"],"acf":[],"_links":{"self":[{"href":"https:\/\/lmp-ing.ch\/fr\/wp-json\/wp\/v2\/posts\/20958","targetHints":{"allow":["GET"]}}],"collection":[{"href":"https:\/\/lmp-ing.ch\/fr\/wp-json\/wp\/v2\/posts"}],"about":[{"href":"https:\/\/lmp-ing.ch\/fr\/wp-json\/wp\/v2\/types\/post"}],"author":[{"embeddable":true,"href":"https:\/\/lmp-ing.ch\/fr\/wp-json\/wp\/v2\/users\/101013"}],"replies":[{"embeddable":true,"href":"https:\/\/lmp-ing.ch\/fr\/wp-json\/wp\/v2\/comments?post=20958"}],"version-history":[{"count":2,"href":"https:\/\/lmp-ing.ch\/fr\/wp-json\/wp\/v2\/posts\/20958\/revisions"}],"predecessor-version":[{"id":20960,"href":"https:\/\/lmp-ing.ch\/fr\/wp-json\/wp\/v2\/posts\/20958\/revisions\/20960"}],"wp:featuredmedia":[{"embeddable":true,"href":"https:\/\/lmp-ing.ch\/fr\/wp-json\/wp\/v2\/media\/20906"}],"wp:attachment":[{"href":"https:\/\/lmp-ing.ch\/fr\/wp-json\/wp\/v2\/media?parent=20958"}],"wp:term":[{"taxonomy":"category","embeddable":true,"href":"https:\/\/lmp-ing.ch\/fr\/wp-json\/wp\/v2\/categories?post=20958"},{"taxonomy":"post_tag","embeddable":true,"href":"https:\/\/lmp-ing.ch\/fr\/wp-json\/wp\/v2\/tags?post=20958"}],"curies":[{"name":"wp","href":"https:\/\/api.w.org\/{rel}","templated":true}]}}