{"id":21196,"date":"2021-10-30T09:07:57","date_gmt":"2021-10-30T07:07:57","guid":{"rendered":"https:\/\/www.luechingermeyer.ch\/grundstein-mit-maske\/"},"modified":"2021-11-11T11:11:46","modified_gmt":"2021-11-11T10:11:46","slug":"grundstein-mit-maske","status":"publish","type":"post","link":"https:\/\/lmp-ing.ch\/fr\/grundstein-mit-maske\/","title":{"rendered":"D\u00e9but de chantier masqu\u00e9"},"content":{"rendered":"<p>Ce 26 octobre a eu lieu la pose de la premi\u00e8re pierre, marquant le d\u00e9but des travaux de gros \u0153uvre du nouveau <a href=\"https:\/\/www.luechingermeyer.ch\/project\/erweiterung-verwaltungsgebaeude-thun\/\">b\u00e2timent administratif<\/a> de l&#8217;Industriestrasse \u00e0 Thoune.<br \/>\n\u00ab\u00a0To build or not to build?\u00bb &#8211; \u00ab\u00a0Construire ou ne pas construire.\u00a0\u00bb. C\u2019est en r\u00e9f\u00e9rence \u00e0 la c\u00e9l\u00e8bre citation de Shakespeare que le responsable de la construction de la ville de Thoune, Konrad H\u00e4dener, a expliqu\u00e9 dans son discours les r\u00e9flexions et h\u00e9sitations du ma\u00eetre d&#8217;ouvrage. Pendant la pand\u00e9mie, la mise en place du t\u00e9l\u00e9travail pour le personnel administratif a permis de repenser l&#8217;am\u00e9nagement de l&#8217;espace et des locaux actuels. N\u00e9anmoins, avec l&#8217;<a href=\"https:\/\/www.luechingermeyer.ch\/fr\/thun-stimmt-fuer-erweiterung-der-verwaltung\/\">approbation de l&#8217;\u00e9lectorat<\/a>, la d\u00e9cision a finalement \u00e9t\u00e9 prise de r\u00e9aliser l&#8217;extension de ces locaux. En effet, compte tenu de la croissance d\u00e9mographique attendue, la charge administrative va augmenter, et la capacit\u00e9 des b\u00e2timents municipaux atteint d\u2019ores-et-d\u00e9j\u00e0 ses limites. En outre, l&#8217;administration de la ville doit pouvoir se pr\u00e9senter comme un employeur attrayant. Le nouveau b\u00e2timent de l&#8217;Industriestrasse, avec ses salles modernes et sa flexibilit\u00e9 dans les usages, y contribuera certainement de mani\u00e8re importante.<\/p>\n","protected":false},"excerpt":{"rendered":"<p>Ce 26 octobre a eu lieu la pose de la premi\u00e8re pierre, marquant le d\u00e9but des travaux de gros \u0153uvre du nouveau b\u00e2timent administratif de l&#8217;Industriestrasse \u00e0 Thoune. \u00ab\u00a0To build or not to build?\u00bb &#8211; \u00ab\u00a0Construire ou ne pas construire.\u00a0\u00bb. C\u2019est en r\u00e9f\u00e9rence \u00e0 la c\u00e9l\u00e8bre citation de Shakespeare que le responsable de la construction [&hellip;]<\/p>\n","protected":false},"author":101013,"featured_media":21166,"comment_status":"closed","ping_status":"closed","sticky":false,"template":"","format":"standard","meta":{"_acf_changed":false,"footnotes":""},"categories":[3],"tags":[],"class_list":["post-21196","post","type-post","status-publish","format-standard","has-post-thumbnail","hentry","category-non-classifiee"],"acf":[],"_links":{"self":[{"href":"https:\/\/lmp-ing.ch\/fr\/wp-json\/wp\/v2\/posts\/21196","targetHints":{"allow":["GET"]}}],"collection":[{"href":"https:\/\/lmp-ing.ch\/fr\/wp-json\/wp\/v2\/posts"}],"about":[{"href":"https:\/\/lmp-ing.ch\/fr\/wp-json\/wp\/v2\/types\/post"}],"author":[{"embeddable":true,"href":"https:\/\/lmp-ing.ch\/fr\/wp-json\/wp\/v2\/users\/101013"}],"replies":[{"embeddable":true,"href":"https:\/\/lmp-ing.ch\/fr\/wp-json\/wp\/v2\/comments?post=21196"}],"version-history":[{"count":2,"href":"https:\/\/lmp-ing.ch\/fr\/wp-json\/wp\/v2\/posts\/21196\/revisions"}],"predecessor-version":[{"id":21198,"href":"https:\/\/lmp-ing.ch\/fr\/wp-json\/wp\/v2\/posts\/21196\/revisions\/21198"}],"wp:featuredmedia":[{"embeddable":true,"href":"https:\/\/lmp-ing.ch\/fr\/wp-json\/wp\/v2\/media\/21166"}],"wp:attachment":[{"href":"https:\/\/lmp-ing.ch\/fr\/wp-json\/wp\/v2\/media?parent=21196"}],"wp:term":[{"taxonomy":"category","embeddable":true,"href":"https:\/\/lmp-ing.ch\/fr\/wp-json\/wp\/v2\/categories?post=21196"},{"taxonomy":"post_tag","embeddable":true,"href":"https:\/\/lmp-ing.ch\/fr\/wp-json\/wp\/v2\/tags?post=21196"}],"curies":[{"name":"wp","href":"https:\/\/api.w.org\/{rel}","templated":true}]}}