{"id":21397,"date":"2021-11-15T23:26:47","date_gmt":"2021-11-15T22:26:47","guid":{"rendered":"https:\/\/www.luechingermeyer.ch\/fwz-lukasmuehle-heizt-ein\/"},"modified":"2021-11-19T08:44:17","modified_gmt":"2021-11-19T07:44:17","slug":"fwz-lukasmuehle-heizt-ein","status":"publish","type":"post","link":"https:\/\/lmp-ing.ch\/fr\/fwz-lukasmuehle-heizt-ein\/","title":{"rendered":"FWZ Lukasm\u00fchle se r\u00e9chauffe"},"content":{"rendered":"<p>F\u00eate de cr\u00e9maill\u00e8re dans l&#8217;est de la ville de Saint-Gall. La mise en service aujourd&#8217;hui du nouveau <a href=\"https:\/\/www.luechingermeyer.ch\/fr\/project\/fernwaermezentrale-lukasmuehle-st-gallen\/\">centre de chauffage urbain de Lukasm\u00fchle<\/a> marque la fin de la troisi\u00e8me phase d&#8217;expansion du r\u00e9seau de chauffage urbain de la ville et constitue une \u00e9tape importante sur la voie de la mise en \u0153uvre du concept \u00e9nerg\u00e9tique 2050. Le nouveau centre, avec ses deux chemin\u00e9es en acier caract\u00e9ristiques, contribue \u00e0 accro\u00eetre la s\u00e9curit\u00e9 de l&#8217;approvisionnement et fournit de l&#8217;\u00e9nergie suppl\u00e9mentaire lors des pics de charge, par exemple les jours d&#8217;hiver tr\u00e8s froids o\u00f9 la demande de chaleur est particuli\u00e8rement \u00e9lev\u00e9e.<br \/>\nAvec ce nouveau b\u00e2timent, la <a href=\"https:\/\/www.sgsw.ch\/home.html?gclid=CjwKCAiAp8iMBhAqEiwAJb94z-IK0zna1TajSrw7VCZvj31LlgSwBJ6z0bikUgOuKvCPEhPxLgjLphoChk4QAvD_BwE\">soci\u00e9t\u00e9 d&#8217;utilit\u00e9 publique de Saint-Gall<\/a>, en tant que ma\u00eetre d&#8217;ouvrage et utilisateur du projet, souligne \u00e0 nouveau sa volont\u00e9 de compl\u00e9ter le paysage urbain de la capitale cantonale non seulement par des b\u00e2timents d&#8217;infrastructure de haute qualit\u00e9 sur le plan fonctionnel, mais aussi sur le plan du design. Le b\u00e2timent a \u00e9t\u00e9 cr\u00e9\u00e9 comme un projet de suivi du <a href=\"https:\/\/www.luechingermeyer.ch\/fr\/project\/fernwaermezentrale-waldau-st-gallen\/\">centre de chauffage urbain de Waldau<\/a> en collaboration avec <a href=\"http:\/\/www.thomas-k-keller.com\/index.php\">Thomas K. Keller Architekten<\/a> et les ing\u00e9nieurs structurels de L\u00fcchinger+Meyer.<\/p>\n","protected":false},"excerpt":{"rendered":"<p>F\u00eate de cr\u00e9maill\u00e8re dans l&#8217;est de la ville de Saint-Gall. La mise en service aujourd&#8217;hui du nouveau centre de chauffage urbain de Lukasm\u00fchle marque la fin de la troisi\u00e8me phase d&#8217;expansion du r\u00e9seau de chauffage urbain de la ville et constitue une \u00e9tape importante sur la voie de la mise en \u0153uvre du concept \u00e9nerg\u00e9tique [&hellip;]<\/p>\n","protected":false},"author":101013,"featured_media":21373,"comment_status":"closed","ping_status":"closed","sticky":false,"template":"","format":"standard","meta":{"_acf_changed":false,"footnotes":""},"categories":[3],"tags":[],"class_list":["post-21397","post","type-post","status-publish","format-standard","has-post-thumbnail","hentry","category-non-classifiee"],"acf":[],"_links":{"self":[{"href":"https:\/\/lmp-ing.ch\/fr\/wp-json\/wp\/v2\/posts\/21397","targetHints":{"allow":["GET"]}}],"collection":[{"href":"https:\/\/lmp-ing.ch\/fr\/wp-json\/wp\/v2\/posts"}],"about":[{"href":"https:\/\/lmp-ing.ch\/fr\/wp-json\/wp\/v2\/types\/post"}],"author":[{"embeddable":true,"href":"https:\/\/lmp-ing.ch\/fr\/wp-json\/wp\/v2\/users\/101013"}],"replies":[{"embeddable":true,"href":"https:\/\/lmp-ing.ch\/fr\/wp-json\/wp\/v2\/comments?post=21397"}],"version-history":[{"count":2,"href":"https:\/\/lmp-ing.ch\/fr\/wp-json\/wp\/v2\/posts\/21397\/revisions"}],"predecessor-version":[{"id":21399,"href":"https:\/\/lmp-ing.ch\/fr\/wp-json\/wp\/v2\/posts\/21397\/revisions\/21399"}],"wp:featuredmedia":[{"embeddable":true,"href":"https:\/\/lmp-ing.ch\/fr\/wp-json\/wp\/v2\/media\/21373"}],"wp:attachment":[{"href":"https:\/\/lmp-ing.ch\/fr\/wp-json\/wp\/v2\/media?parent=21397"}],"wp:term":[{"taxonomy":"category","embeddable":true,"href":"https:\/\/lmp-ing.ch\/fr\/wp-json\/wp\/v2\/categories?post=21397"},{"taxonomy":"post_tag","embeddable":true,"href":"https:\/\/lmp-ing.ch\/fr\/wp-json\/wp\/v2\/tags?post=21397"}],"curies":[{"name":"wp","href":"https:\/\/api.w.org\/{rel}","templated":true}]}}