{"id":21400,"date":"2021-11-03T21:26:52","date_gmt":"2021-11-03T20:26:52","guid":{"rendered":"https:\/\/www.luechingermeyer.ch\/herbst-in-solothurn\/"},"modified":"2021-11-19T08:50:04","modified_gmt":"2021-11-19T07:50:04","slug":"herbst-in-solothurn","status":"publish","type":"post","link":"https:\/\/lmp-ing.ch\/fr\/herbst-in-solothurn\/","title":{"rendered":"L&#8217;automne \u00e0 Soleure"},"content":{"rendered":"<p>L&#8217;automne balaie le pays, la Nature fait du rangement. Pour nous aussi, le moment est venu de faire une pause, de faire le point et de regarder vers l&#8217;avenir. Le 29 octobre, toute l&#8217;\u00e9quipe de L\u00fcchinger+Meyer s&#8217;est r\u00e9unie pour la premi\u00e8re fois apr\u00e8s la pause pand\u00e9mique pour la traditionnelle retraite de bureau. Nous avons choisi le Landhaus Solothurn comme lieu de r\u00e9union pour de bonnes raisons. D&#8217;une part, la situation centrale de la ville entre nos bureaux de Zurich, Lucerne et Lausanne permettait \u00e0 tous les employ\u00e9s de s&#8217;y rendre facilement et, d&#8217;autre part, le remarquable b\u00e2timent fait partie de nos projets actuels. Apr\u00e8s avoir remport\u00e9 le <a href=\"https:\/\/www.luechingermeyer.ch\/fr\/dr-aare-na\/\">processus de s\u00e9lection pour la planification<\/a>, nous sommes impliqu\u00e9s dans la conception structurelle de la r\u00e9novation du b\u00e2timent class\u00e9. Par cons\u00e9quent, une &#8220;br\u00e8ve histoire locale&#8221; a introduit notre \u00e9v\u00e9nement, nous familiarisant avec l&#8217;histoire du b\u00e2timent et les t\u00e2ches de planification. Cette pr\u00e9sentation a \u00e9t\u00e9 suivie par la r\u00e9trospective et la pr\u00e9sentation des perspectives de Daniel Meyer. Les anniversaires ont \u00e9t\u00e9 soulign\u00e9s et les objectifs annuels formul\u00e9s.<\/p>\n","protected":false},"excerpt":{"rendered":"<p>L&#8217;automne balaie le pays, la Nature fait du rangement. Pour nous aussi, le moment est venu de faire une pause, de faire le point et de regarder vers l&#8217;avenir. Le 29 octobre, toute l&#8217;\u00e9quipe de L\u00fcchinger+Meyer s&#8217;est r\u00e9unie pour la premi\u00e8re fois apr\u00e8s la pause pand\u00e9mique pour la traditionnelle retraite de bureau. Nous avons choisi [&hellip;]<\/p>\n","protected":false},"author":101013,"featured_media":21205,"comment_status":"closed","ping_status":"closed","sticky":false,"template":"","format":"standard","meta":{"_acf_changed":false,"footnotes":""},"categories":[3],"tags":[],"class_list":["post-21400","post","type-post","status-publish","format-standard","has-post-thumbnail","hentry","category-non-classifiee"],"acf":[],"_links":{"self":[{"href":"https:\/\/lmp-ing.ch\/fr\/wp-json\/wp\/v2\/posts\/21400","targetHints":{"allow":["GET"]}}],"collection":[{"href":"https:\/\/lmp-ing.ch\/fr\/wp-json\/wp\/v2\/posts"}],"about":[{"href":"https:\/\/lmp-ing.ch\/fr\/wp-json\/wp\/v2\/types\/post"}],"author":[{"embeddable":true,"href":"https:\/\/lmp-ing.ch\/fr\/wp-json\/wp\/v2\/users\/101013"}],"replies":[{"embeddable":true,"href":"https:\/\/lmp-ing.ch\/fr\/wp-json\/wp\/v2\/comments?post=21400"}],"version-history":[{"count":2,"href":"https:\/\/lmp-ing.ch\/fr\/wp-json\/wp\/v2\/posts\/21400\/revisions"}],"predecessor-version":[{"id":21402,"href":"https:\/\/lmp-ing.ch\/fr\/wp-json\/wp\/v2\/posts\/21400\/revisions\/21402"}],"wp:featuredmedia":[{"embeddable":true,"href":"https:\/\/lmp-ing.ch\/fr\/wp-json\/wp\/v2\/media\/21205"}],"wp:attachment":[{"href":"https:\/\/lmp-ing.ch\/fr\/wp-json\/wp\/v2\/media?parent=21400"}],"wp:term":[{"taxonomy":"category","embeddable":true,"href":"https:\/\/lmp-ing.ch\/fr\/wp-json\/wp\/v2\/categories?post=21400"},{"taxonomy":"post_tag","embeddable":true,"href":"https:\/\/lmp-ing.ch\/fr\/wp-json\/wp\/v2\/tags?post=21400"}],"curies":[{"name":"wp","href":"https:\/\/api.w.org\/{rel}","templated":true}]}}