{"id":22876,"date":"2022-05-20T09:35:18","date_gmt":"2022-05-20T07:35:18","guid":{"rendered":"https:\/\/www.luechingermeyer.ch\/am-samstag-in-die-schule\/"},"modified":"2022-05-20T09:38:57","modified_gmt":"2022-05-20T07:38:57","slug":"am-samstag-in-die-schule","status":"publish","type":"post","link":"https:\/\/lmp-ing.ch\/fr\/am-samstag-in-die-schule\/","title":{"rendered":"A l&#8217;\u00e9cole le samedi"},"content":{"rendered":"<p>Bien que la semaine de cinq jours soit depuis longtemps la norme dans le syst\u00e8me \u00e9ducatif suisse, c&#8217;est avec grand plaisir que les \u00e9l\u00e8ves de l&#8217;<a href=\"https:\/\/www.dsgenf.ch\/fr\/\">Ecole Allemande de Gen\u00e8ve<\/a> feront une journ\u00e9e suppl\u00e9mentaire samedi. L&#8217;\u00e9cole les invite \u00e0 sa traditionnelle <a href=\"https:\/\/www.dsgenf.ch\/fr\/sommerfest\/\">f\u00eate d&#8217;\u00e9t\u00e9<\/a>, qui sera accompagn\u00e9e cette ann\u00e9e d&#8217;un \u00e9v\u00e9nement tr\u00e8s particulier : l&#8217;inauguration du nouveau <a href=\"https:\/\/www.luechingermeyer.ch\/fr\/project\/dsg-campus-sued-vernier\/\">campus sud<\/a>. Cette extension pose les premiers jalons de l&#8217;\u00e9volution de la DSG vers une \u00e9cole \u00e0 deux fili\u00e8res. Depuis 2020, les \u00e9l\u00e8ves, le corps enseignant et les collaborateurs ont pu suivre de pr\u00e8s la r\u00e9alisation du nouveau b\u00e2timent. D\u00e9sormais, le b\u00e2timent de cinq \u00e9tages, qui abrite une salle de gymnastique dans les sous-sols, une cantine scolaire avec cuisine au rez-de-chauss\u00e9e ainsi que des salles de classe dans les \u00e9tages sup\u00e9rieurs, est livr\u00e9 aux observateurs impatients.<\/p>\n","protected":false},"excerpt":{"rendered":"<p>Bien que la semaine de cinq jours soit depuis longtemps la norme dans le syst\u00e8me \u00e9ducatif suisse, c&#8217;est avec grand plaisir que les \u00e9l\u00e8ves de l&#8217;Ecole Allemande de Gen\u00e8ve feront une journ\u00e9e suppl\u00e9mentaire samedi. L&#8217;\u00e9cole les invite \u00e0 sa traditionnelle f\u00eate d&#8217;\u00e9t\u00e9, qui sera accompagn\u00e9e cette ann\u00e9e d&#8217;un \u00e9v\u00e9nement tr\u00e8s particulier : l&#8217;inauguration du nouveau [&hellip;]<\/p>\n","protected":false},"author":101013,"featured_media":22844,"comment_status":"closed","ping_status":"closed","sticky":false,"template":"","format":"standard","meta":{"_acf_changed":false,"footnotes":""},"categories":[3],"tags":[],"class_list":["post-22876","post","type-post","status-publish","format-standard","has-post-thumbnail","hentry","category-non-classifiee"],"acf":[],"_links":{"self":[{"href":"https:\/\/lmp-ing.ch\/fr\/wp-json\/wp\/v2\/posts\/22876","targetHints":{"allow":["GET"]}}],"collection":[{"href":"https:\/\/lmp-ing.ch\/fr\/wp-json\/wp\/v2\/posts"}],"about":[{"href":"https:\/\/lmp-ing.ch\/fr\/wp-json\/wp\/v2\/types\/post"}],"author":[{"embeddable":true,"href":"https:\/\/lmp-ing.ch\/fr\/wp-json\/wp\/v2\/users\/101013"}],"replies":[{"embeddable":true,"href":"https:\/\/lmp-ing.ch\/fr\/wp-json\/wp\/v2\/comments?post=22876"}],"version-history":[{"count":2,"href":"https:\/\/lmp-ing.ch\/fr\/wp-json\/wp\/v2\/posts\/22876\/revisions"}],"predecessor-version":[{"id":22878,"href":"https:\/\/lmp-ing.ch\/fr\/wp-json\/wp\/v2\/posts\/22876\/revisions\/22878"}],"wp:featuredmedia":[{"embeddable":true,"href":"https:\/\/lmp-ing.ch\/fr\/wp-json\/wp\/v2\/media\/22844"}],"wp:attachment":[{"href":"https:\/\/lmp-ing.ch\/fr\/wp-json\/wp\/v2\/media?parent=22876"}],"wp:term":[{"taxonomy":"category","embeddable":true,"href":"https:\/\/lmp-ing.ch\/fr\/wp-json\/wp\/v2\/categories?post=22876"},{"taxonomy":"post_tag","embeddable":true,"href":"https:\/\/lmp-ing.ch\/fr\/wp-json\/wp\/v2\/tags?post=22876"}],"curies":[{"name":"wp","href":"https:\/\/api.w.org\/{rel}","templated":true}]}}