{"id":22933,"date":"2022-05-13T23:27:12","date_gmt":"2022-05-13T21:27:12","guid":{"rendered":"https:\/\/www.luechingermeyer.ch\/eroeffnungsfest-am-bahnhofplatz-in-altdorf\/"},"modified":"2022-05-23T09:05:11","modified_gmt":"2022-05-23T07:05:11","slug":"eroeffnungsfest-am-bahnhofplatz-in-altdorf","status":"publish","type":"post","link":"https:\/\/lmp-ing.ch\/fr\/eroeffnungsfest-am-bahnhofplatz-in-altdorf\/","title":{"rendered":"F\u00eate d&#8217;ouverture sur la place de la gare \u00e0 Altdorf"},"content":{"rendered":"<p>Une grande animation s&#8217;annonce pour samedi prochain \u00e0 la nouvelle gare cantonale d&#8217;Altdorf. La <a href=\"https:\/\/www.ukb.ch\/\">banque cantonale d&#8217;Uri<\/a> et les entreprises locataires invitent les habitants d&#8217;Uri \u00e0 une grande f\u00eate populaire \u00e0 l&#8217;occasion de l&#8217;ouverture du b\u00e2timent de services <a href=\"https:\/\/www.luechingermeyer.ch\/fr\/project\/bhf1-neubau-bahnhofplatz-1-altdorf\/\">Gare#1 Nouvelle construction&#8221;Bahnhofplatz 1&#8243;<\/a>. Fid\u00e8le \u00e0 la devise de la manifestation &#8220;<a href=\"https:\/\/naechster-halt-uri.ch\/medienmitteilung\/32-dr-hiaesig-samschtig\">Dr hi\u00e4sig Samschtig<\/a>&#8220;, la culture et la gastronomie locales seront c\u00e9l\u00e9br\u00e9es de 10 \u00e0 17 heures. Outre la musique et les divertissements, un march\u00e9 proposant des sp\u00e9cialit\u00e9s, de l&#8217;artisanat et des innovations d&#8217;Uri attend les visiteurs. De plus, les visiteur\u00b7euse\u00b7s int\u00e9ress\u00e9\u00b7e\u00b7s pourront d\u00e9couvrir le b\u00e2timent dans le cadre d&#8217;une visite exclusive et jeter un coup d&#8217;\u0153il sur le monde du travail de l&#8217;UKB.<br \/>\nParmi les invit\u00e9\u00b7e\u00b7s, seront aussi pr\u00e9sent\u00b7e\u00b7s les concepteurs et conceptrices de structures et de fa\u00e7ades de L\u00fcchinger+Meyer qui, en \u00e9quipe avec <a href=\"https:\/\/bbarc.ch\/en\/\">Buchner Br\u00fcndler Architekten<\/a>, <a href=\"https:\/\/www.proplaning.ch\/\">Proplaning<\/a> et les autres planificateurs sp\u00e9cialis\u00e9s, ont contribu\u00e9 \u00e0 la r\u00e9alisation imposante du <a href=\"https:\/\/www.luechingermeyer.ch\/fr\/project\/neubau-bahnhofplatz-1-altdorf\/\">projet du concours<\/a> qui a \u00e9t\u00e9 couronn\u00e9 de succ\u00e8s.<\/p>\n","protected":false},"excerpt":{"rendered":"<p>Une grande animation s&#8217;annonce pour samedi prochain \u00e0 la nouvelle gare cantonale d&#8217;Altdorf. La banque cantonale d&#8217;Uri et les entreprises locataires invitent les habitants d&#8217;Uri \u00e0 une grande f\u00eate populaire \u00e0 l&#8217;occasion de l&#8217;ouverture du b\u00e2timent de services Gare#1 Nouvelle construction&#8221;Bahnhofplatz 1&#8243;. Fid\u00e8le \u00e0 la devise de la manifestation &#8220;Dr hi\u00e4sig Samschtig&#8220;, la culture et [&hellip;]<\/p>\n","protected":false},"author":101013,"featured_media":22828,"comment_status":"closed","ping_status":"closed","sticky":false,"template":"","format":"standard","meta":{"_acf_changed":false,"footnotes":""},"categories":[3],"tags":[],"class_list":["post-22933","post","type-post","status-publish","format-standard","has-post-thumbnail","hentry","category-non-classifiee"],"acf":[],"_links":{"self":[{"href":"https:\/\/lmp-ing.ch\/fr\/wp-json\/wp\/v2\/posts\/22933","targetHints":{"allow":["GET"]}}],"collection":[{"href":"https:\/\/lmp-ing.ch\/fr\/wp-json\/wp\/v2\/posts"}],"about":[{"href":"https:\/\/lmp-ing.ch\/fr\/wp-json\/wp\/v2\/types\/post"}],"author":[{"embeddable":true,"href":"https:\/\/lmp-ing.ch\/fr\/wp-json\/wp\/v2\/users\/101013"}],"replies":[{"embeddable":true,"href":"https:\/\/lmp-ing.ch\/fr\/wp-json\/wp\/v2\/comments?post=22933"}],"version-history":[{"count":2,"href":"https:\/\/lmp-ing.ch\/fr\/wp-json\/wp\/v2\/posts\/22933\/revisions"}],"predecessor-version":[{"id":22935,"href":"https:\/\/lmp-ing.ch\/fr\/wp-json\/wp\/v2\/posts\/22933\/revisions\/22935"}],"wp:featuredmedia":[{"embeddable":true,"href":"https:\/\/lmp-ing.ch\/fr\/wp-json\/wp\/v2\/media\/22828"}],"wp:attachment":[{"href":"https:\/\/lmp-ing.ch\/fr\/wp-json\/wp\/v2\/media?parent=22933"}],"wp:term":[{"taxonomy":"category","embeddable":true,"href":"https:\/\/lmp-ing.ch\/fr\/wp-json\/wp\/v2\/categories?post=22933"},{"taxonomy":"post_tag","embeddable":true,"href":"https:\/\/lmp-ing.ch\/fr\/wp-json\/wp\/v2\/tags?post=22933"}],"curies":[{"name":"wp","href":"https:\/\/api.w.org\/{rel}","templated":true}]}}