{"id":22980,"date":"2022-05-25T23:45:07","date_gmt":"2022-05-25T21:45:07","guid":{"rendered":"https:\/\/www.luechingermeyer.ch\/buelach-waechst-erweiterung-schulanlage-allmend\/"},"modified":"2022-06-03T09:37:39","modified_gmt":"2022-06-03T07:37:39","slug":"buelach-waechst-erweiterung-schulanlage-allmend","status":"publish","type":"post","link":"https:\/\/lmp-ing.ch\/fr\/buelach-waechst-erweiterung-schulanlage-allmend\/","title":{"rendered":"B\u00fclach s&#8217;agrandit \u2013 extension du complexe scolaire &#8220;Allmend&#8221;"},"content":{"rendered":"<p>Comme de nombreuses localit\u00e9s des environs de Zurich, la ville de B\u00fclach jouit \u00e9galement d&#8217;un nombre croissant d&#8217;habitants. &#8220;B\u00fc\u00fcli&#8221;, le centre de l&#8217;Unterland zurichois, ne cesse de cro\u00eetre. A partir de 2040, B\u00fclach devrait compter environ 28 000 habitants. La planification pr\u00e9voyante des locaux scolaires de la ville r\u00e9agit \u00e0 l&#8217;augmentation correspondante du nombre d&#8217;\u00e9l\u00e8ves en d\u00e9veloppant les \u00e9tablissements d&#8217;enseignement existants. L&#8217;extension du complexe scolaire &#8220;Allmend&#8221; constitue un \u00e9l\u00e9ment de cette planification. Le complexe scolaire primaire doit \u00eatre compl\u00e9t\u00e9 par un nouveau b\u00e2timent pouvant accueillir 12 classes et une salle de sport triple, tandis que le b\u00e2timent scolaire existant doit \u00eatre r\u00e9nov\u00e9 et r\u00e9organis\u00e9. Dans le cadre d&#8217;un concours reprenant cette mission, le <a href=\"https:\/\/www.luechingermeyer.ch\/fr\/project\/schulanlage-allmend-buelach-sanierung-und-erweiterung\/\">projet<\/a> de l&#8217;\u00e9quipe r\u00e9unissant le prestataire global <a href=\"https:\/\/www.erne.ch\/de\/leistungen\/gesamtleistung-erne-plus\/gu-tu\/\">Erne plus<\/a> et <a href=\"https:\/\/www.enf.ch\/\">Ernst Niklaus Fausch Architekten<\/a> a su convaincre le jury. L\u00fcchinger+Meyer a soutenu le processus de conception dans les domaines de la structure porteuse et de la planification des fa\u00e7ades.<\/p>\n","protected":false},"excerpt":{"rendered":"<p>Comme de nombreuses localit\u00e9s des environs de Zurich, la ville de B\u00fclach jouit \u00e9galement d&#8217;un nombre croissant d&#8217;habitants. &#8220;B\u00fc\u00fcli&#8221;, le centre de l&#8217;Unterland zurichois, ne cesse de cro\u00eetre. A partir de 2040, B\u00fclach devrait compter environ 28 000 habitants. La planification pr\u00e9voyante des locaux scolaires de la ville r\u00e9agit \u00e0 l&#8217;augmentation correspondante du nombre d&#8217;\u00e9l\u00e8ves [&hellip;]<\/p>\n","protected":false},"author":101013,"featured_media":22946,"comment_status":"closed","ping_status":"closed","sticky":false,"template":"","format":"standard","meta":{"_acf_changed":false,"footnotes":""},"categories":[3],"tags":[],"class_list":["post-22980","post","type-post","status-publish","format-standard","has-post-thumbnail","hentry","category-non-classifiee"],"acf":[],"_links":{"self":[{"href":"https:\/\/lmp-ing.ch\/fr\/wp-json\/wp\/v2\/posts\/22980","targetHints":{"allow":["GET"]}}],"collection":[{"href":"https:\/\/lmp-ing.ch\/fr\/wp-json\/wp\/v2\/posts"}],"about":[{"href":"https:\/\/lmp-ing.ch\/fr\/wp-json\/wp\/v2\/types\/post"}],"author":[{"embeddable":true,"href":"https:\/\/lmp-ing.ch\/fr\/wp-json\/wp\/v2\/users\/101013"}],"replies":[{"embeddable":true,"href":"https:\/\/lmp-ing.ch\/fr\/wp-json\/wp\/v2\/comments?post=22980"}],"version-history":[{"count":3,"href":"https:\/\/lmp-ing.ch\/fr\/wp-json\/wp\/v2\/posts\/22980\/revisions"}],"predecessor-version":[{"id":22983,"href":"https:\/\/lmp-ing.ch\/fr\/wp-json\/wp\/v2\/posts\/22980\/revisions\/22983"}],"wp:featuredmedia":[{"embeddable":true,"href":"https:\/\/lmp-ing.ch\/fr\/wp-json\/wp\/v2\/media\/22946"}],"wp:attachment":[{"href":"https:\/\/lmp-ing.ch\/fr\/wp-json\/wp\/v2\/media?parent=22980"}],"wp:term":[{"taxonomy":"category","embeddable":true,"href":"https:\/\/lmp-ing.ch\/fr\/wp-json\/wp\/v2\/categories?post=22980"},{"taxonomy":"post_tag","embeddable":true,"href":"https:\/\/lmp-ing.ch\/fr\/wp-json\/wp\/v2\/tags?post=22980"}],"curies":[{"name":"wp","href":"https:\/\/api.w.org\/{rel}","templated":true}]}}