{"id":24011,"date":"2022-09-16T21:57:57","date_gmt":"2022-09-16T19:57:57","guid":{"rendered":"https:\/\/www.luechingermeyer.ch\/healing-architecture\/"},"modified":"2022-10-03T15:13:14","modified_gmt":"2022-10-03T13:13:14","slug":"healing-architecture","status":"publish","type":"post","link":"https:\/\/lmp-ing.ch\/fr\/healing-architecture\/","title":{"rendered":"Healing Architecture"},"content":{"rendered":"<p>La <a href=\"https:\/\/www.klinik-schloss-mammern.ch\/en\/\">clinique Schloss Mammern<\/a>, situ\u00e9e de mani\u00e8re pittoresque sur les rives du lac de Constance, a une histoire de plus de 130 ans. Sa situation exceptionnelle, le vaste parc du ch\u00e2teau ainsi que le b\u00e2timent historique avec sa chapelle baroque font aujourd&#8217;hui de l&#8217;\u00e9tablissement un lieu extraordinairement attractif pour la convalescence. L&#8217;ensemble des b\u00e2timents existants a \u00e9t\u00e9 compl\u00e9t\u00e9 en ajoutant une aile dans le parc ainsi qu&#8217;une nouvelle entr\u00e9e. <a href=\"https:\/\/www.luechingermeyer.ch\/fr\/project\/erweiterungsbau-klinik-schloss-mammern\/\">L&#8217;extension<\/a>, r\u00e9alis\u00e9e selon les principes de la &#8220;Healing Architecture&#8221; par <a href=\"https:\/\/www.brarch.ch\/\">Baumann Roserens Architekten<\/a>, ouvrira ses portes en octobre. Les ing\u00e9nieurs en structure de L\u00fcchinger+Meyer ont accompagn\u00e9 le projet depuis le concours d&#8217;architecture initial de 2016.<br \/>\n22 chambres sup\u00e9rieures et 6 suites doubles et suites \u00ab\u00a0vue lac\u00a0\u00bb dot\u00e9es d&#8217;un \u00e9quipement haut de gamme dans la nouvelle aile, une caf\u00e9t\u00e9ria et une salle \u00e0 manger cr\u00e9ent un cadre spatial confortable pour permettre aux patients de &#8220;retrouver la sant\u00e9&#8221;, objectif que s&#8217;est fix\u00e9 la clinique.<\/p>\n","protected":false},"excerpt":{"rendered":"<p>La clinique Schloss Mammern, situ\u00e9e de mani\u00e8re pittoresque sur les rives du lac de Constance, a une histoire de plus de 130 ans. Sa situation exceptionnelle, le vaste parc du ch\u00e2teau ainsi que le b\u00e2timent historique avec sa chapelle baroque font aujourd&#8217;hui de l&#8217;\u00e9tablissement un lieu extraordinairement attractif pour la convalescence. L&#8217;ensemble des b\u00e2timents existants [&hellip;]<\/p>\n","protected":false},"author":101013,"featured_media":23942,"comment_status":"closed","ping_status":"closed","sticky":false,"template":"","format":"standard","meta":{"_acf_changed":false,"footnotes":""},"categories":[3],"tags":[],"class_list":["post-24011","post","type-post","status-publish","format-standard","has-post-thumbnail","hentry","category-non-classifiee"],"acf":[],"_links":{"self":[{"href":"https:\/\/lmp-ing.ch\/fr\/wp-json\/wp\/v2\/posts\/24011","targetHints":{"allow":["GET"]}}],"collection":[{"href":"https:\/\/lmp-ing.ch\/fr\/wp-json\/wp\/v2\/posts"}],"about":[{"href":"https:\/\/lmp-ing.ch\/fr\/wp-json\/wp\/v2\/types\/post"}],"author":[{"embeddable":true,"href":"https:\/\/lmp-ing.ch\/fr\/wp-json\/wp\/v2\/users\/101013"}],"replies":[{"embeddable":true,"href":"https:\/\/lmp-ing.ch\/fr\/wp-json\/wp\/v2\/comments?post=24011"}],"version-history":[{"count":3,"href":"https:\/\/lmp-ing.ch\/fr\/wp-json\/wp\/v2\/posts\/24011\/revisions"}],"predecessor-version":[{"id":24125,"href":"https:\/\/lmp-ing.ch\/fr\/wp-json\/wp\/v2\/posts\/24011\/revisions\/24125"}],"wp:featuredmedia":[{"embeddable":true,"href":"https:\/\/lmp-ing.ch\/fr\/wp-json\/wp\/v2\/media\/23942"}],"wp:attachment":[{"href":"https:\/\/lmp-ing.ch\/fr\/wp-json\/wp\/v2\/media?parent=24011"}],"wp:term":[{"taxonomy":"category","embeddable":true,"href":"https:\/\/lmp-ing.ch\/fr\/wp-json\/wp\/v2\/categories?post=24011"},{"taxonomy":"post_tag","embeddable":true,"href":"https:\/\/lmp-ing.ch\/fr\/wp-json\/wp\/v2\/tags?post=24011"}],"curies":[{"name":"wp","href":"https:\/\/api.w.org\/{rel}","templated":true}]}}