{"id":24246,"date":"2022-10-05T09:49:50","date_gmt":"2022-10-05T07:49:50","guid":{"rendered":"https:\/\/www.luechingermeyer.ch\/im-tiergarten-7-die-verwandlung\/"},"modified":"2022-10-06T17:17:31","modified_gmt":"2022-10-06T15:17:31","slug":"im-tiergarten-7-die-verwandlung","status":"publish","type":"post","link":"https:\/\/lmp-ing.ch\/fr\/im-tiergarten-7-die-verwandlung\/","title":{"rendered":"Im Tiergarten 7 &#8211; La Transformation"},"content":{"rendered":"<p>Comme deuxi\u00e8me principe conducteur dans la <a href=\"https:\/\/www.sia.ch\/fileadmin\/Positionspapier_Energie_fr_FINAL.pdf\">prise de position<\/a> de la SIA &#8220;Protection du climat, adaptation climatique et \u00e9nergie&#8221;, notre association professionnelle formule : &#8220;La SIA s&#8217;engage pour une utilisation rationnelle des ressources et l&#8217;expansion de l&#8217;\u00e9conomie circulaire.&#8221; Un projet de reconversion en cours illustre concr\u00e8tement la mani\u00e8re dont la pr\u00e9servation des ressources peut \u00eatre r\u00e9alis\u00e9e. Dans le quartier Alt-Wiedikon de Zurich, le b\u00e2timent de laboratoire existant de la propri\u00e9t\u00e9 &#8220;<a href=\"https:\/\/www.luechingermeyer.ch\/fr\/project\/umbau-und-erweiterung-im-tiergarten-7-zuerich\/\">Im Tiergarten 7<\/a>&#8221; est transform\u00e9 en un immeuble d&#8217;habitation qui fait office de charni\u00e8re urbaine entre l&#8217;immeuble de bureaux voisin &#8220;Friesenberg&#8221; et la zone r\u00e9sidentielle voisine, semblable \u00e0 un parc. Sur la base d&#8217;une analyse de l&#8217;\u00e9tat et d&#8217;une \u00e9tude de faisabilit\u00e9, le client Mobimo a d\u00e9cid\u00e9 d&#8217;utiliser la structure squelette en b\u00e9ton arm\u00e9 du b\u00e2timent existant pour la nouvelle utilisation r\u00e9sidentielle. Les concepteurs de structures et de fa\u00e7ades de L\u00fcchinger+Meyer ont soutenu la planification et l&#8217;ex\u00e9cution complexes de la conversation aux c\u00f4t\u00e9s de <a href=\"https:\/\/www.theohotz.ch\/#Home\">Theo Hotz Partner Architekten<\/a> et de l&#8217;entrepreneur total <a href=\"https:\/\/wsg.ch\/en\/\">WSG AG<\/a>.<\/p>\n","protected":false},"excerpt":{"rendered":"<p>Comme deuxi\u00e8me principe conducteur dans la prise de position de la SIA &#8220;Protection du climat, adaptation climatique et \u00e9nergie&#8221;, notre association professionnelle formule : &#8220;La SIA s&#8217;engage pour une utilisation rationnelle des ressources et l&#8217;expansion de l&#8217;\u00e9conomie circulaire.&#8221; Un projet de reconversion en cours illustre concr\u00e8tement la mani\u00e8re dont la pr\u00e9servation des ressources peut \u00eatre [&hellip;]<\/p>\n","protected":false},"author":101013,"featured_media":24215,"comment_status":"closed","ping_status":"closed","sticky":false,"template":"","format":"standard","meta":{"_acf_changed":false,"footnotes":""},"categories":[3],"tags":[],"class_list":["post-24246","post","type-post","status-publish","format-standard","has-post-thumbnail","hentry","category-non-classifiee"],"acf":[],"_links":{"self":[{"href":"https:\/\/lmp-ing.ch\/fr\/wp-json\/wp\/v2\/posts\/24246","targetHints":{"allow":["GET"]}}],"collection":[{"href":"https:\/\/lmp-ing.ch\/fr\/wp-json\/wp\/v2\/posts"}],"about":[{"href":"https:\/\/lmp-ing.ch\/fr\/wp-json\/wp\/v2\/types\/post"}],"author":[{"embeddable":true,"href":"https:\/\/lmp-ing.ch\/fr\/wp-json\/wp\/v2\/users\/101013"}],"replies":[{"embeddable":true,"href":"https:\/\/lmp-ing.ch\/fr\/wp-json\/wp\/v2\/comments?post=24246"}],"version-history":[{"count":2,"href":"https:\/\/lmp-ing.ch\/fr\/wp-json\/wp\/v2\/posts\/24246\/revisions"}],"predecessor-version":[{"id":24248,"href":"https:\/\/lmp-ing.ch\/fr\/wp-json\/wp\/v2\/posts\/24246\/revisions\/24248"}],"wp:featuredmedia":[{"embeddable":true,"href":"https:\/\/lmp-ing.ch\/fr\/wp-json\/wp\/v2\/media\/24215"}],"wp:attachment":[{"href":"https:\/\/lmp-ing.ch\/fr\/wp-json\/wp\/v2\/media?parent=24246"}],"wp:term":[{"taxonomy":"category","embeddable":true,"href":"https:\/\/lmp-ing.ch\/fr\/wp-json\/wp\/v2\/categories?post=24246"},{"taxonomy":"post_tag","embeddable":true,"href":"https:\/\/lmp-ing.ch\/fr\/wp-json\/wp\/v2\/tags?post=24246"}],"curies":[{"name":"wp","href":"https:\/\/api.w.org\/{rel}","templated":true}]}}