{"id":24687,"date":"2022-11-22T17:15:59","date_gmt":"2022-11-22T16:15:59","guid":{"rendered":"https:\/\/www.luechingermeyer.ch\/borja-herraiz-ergaenzt-die-erweitere-geschaeftsleitung\/"},"modified":"2023-01-06T09:01:40","modified_gmt":"2023-01-06T08:01:40","slug":"borja-herraiz-ergaenzt-die-erweitere-geschaeftsleitung","status":"publish","type":"post","link":"https:\/\/lmp-ing.ch\/fr\/borja-herraiz-ergaenzt-die-erweitere-geschaeftsleitung\/","title":{"rendered":"Borja Herraiz compl\u00e8te la Direction \u00e9largie"},"content":{"rendered":"<p>Nous sommes heureux d&#8217;accueillir Dr Borja Herraiz en tant que nouveau membre de la direction \u00e9largie, au sein de laquelle il contribuera de mani\u00e8re d\u00e9terminante au d\u00e9veloppement et \u00e0 l\u2019image de notre bureau. Ses activit\u00e9s au sein de la direction se concentreront notamment sur les domaines de la conservation des b\u00e2timents, de la durabilit\u00e9 et des affaires internationales.<br \/>\nDepuis son arriv\u00e9e dans notre entreprise en 2016, Borja Herraiz travaille en tant que chef de projet dans le domaine de l&#8217;ing\u00e9nierie de construction sur le site de Zurich, o\u00f9 il accompagne des projets exigeants de construction neuve et de r\u00e9habilitation. Parmi ces projets comptent notamment la r\u00e9affectation de l&#8217;immeuble commercial <a href=\"https:\/\/www.luechingermeyer.ch\/fr\/project\/ruby-zuerich-umnutzung-geschaeftshaus-du-pont\/\">Du Pont<\/a>, le <a href=\"https:\/\/www.luechingermeyer.ch\/fr\/project\/ersatzneubau-stuessistrasse-58-66-ilanzhof-zuerich\/\">nouveau b\u00e2timent de remplacement St\u00fcssistrasse 58-66 &#8211; Ilanzhof<\/a> \u00e0 Zurich ou le <a href=\"https:\/\/www.luechingermeyer.ch\/fr\/project\/wohn-und-alterszentrum-sihlsana-ag-adliswil\/\">centre d&#8217;habitation et de retraite Sihlsana<\/a> \u00e0 Adliswil. Il s&#8217;occupe \u00e9galement de plusieurs mandats de contr\u00f4le technique du c\u00f4t\u00e9 du ma\u00eetre d&#8217;ouvrage et soutient depuis un certain temps d\u00e9j\u00e0 le travail de conception dans diff\u00e9rentes \u00e9quipes de concours.<\/p>\n","protected":false},"excerpt":{"rendered":"<p>Nous sommes heureux d&#8217;accueillir Dr Borja Herraiz en tant que nouveau membre de la direction \u00e9largie, au sein de laquelle il contribuera de mani\u00e8re d\u00e9terminante au d\u00e9veloppement et \u00e0 l\u2019image de notre bureau. Ses activit\u00e9s au sein de la direction se concentreront notamment sur les domaines de la conservation des b\u00e2timents, de la durabilit\u00e9 et [&hellip;]<\/p>\n","protected":false},"author":101013,"featured_media":24593,"comment_status":"closed","ping_status":"closed","sticky":false,"template":"","format":"standard","meta":{"_acf_changed":false,"footnotes":""},"categories":[3],"tags":[],"class_list":["post-24687","post","type-post","status-publish","format-standard","has-post-thumbnail","hentry","category-non-classifiee"],"acf":[],"_links":{"self":[{"href":"https:\/\/lmp-ing.ch\/fr\/wp-json\/wp\/v2\/posts\/24687","targetHints":{"allow":["GET"]}}],"collection":[{"href":"https:\/\/lmp-ing.ch\/fr\/wp-json\/wp\/v2\/posts"}],"about":[{"href":"https:\/\/lmp-ing.ch\/fr\/wp-json\/wp\/v2\/types\/post"}],"author":[{"embeddable":true,"href":"https:\/\/lmp-ing.ch\/fr\/wp-json\/wp\/v2\/users\/101013"}],"replies":[{"embeddable":true,"href":"https:\/\/lmp-ing.ch\/fr\/wp-json\/wp\/v2\/comments?post=24687"}],"version-history":[{"count":2,"href":"https:\/\/lmp-ing.ch\/fr\/wp-json\/wp\/v2\/posts\/24687\/revisions"}],"predecessor-version":[{"id":24689,"href":"https:\/\/lmp-ing.ch\/fr\/wp-json\/wp\/v2\/posts\/24687\/revisions\/24689"}],"wp:featuredmedia":[{"embeddable":true,"href":"https:\/\/lmp-ing.ch\/fr\/wp-json\/wp\/v2\/media\/24593"}],"wp:attachment":[{"href":"https:\/\/lmp-ing.ch\/fr\/wp-json\/wp\/v2\/media?parent=24687"}],"wp:term":[{"taxonomy":"category","embeddable":true,"href":"https:\/\/lmp-ing.ch\/fr\/wp-json\/wp\/v2\/categories?post=24687"},{"taxonomy":"post_tag","embeddable":true,"href":"https:\/\/lmp-ing.ch\/fr\/wp-json\/wp\/v2\/tags?post=24687"}],"curies":[{"name":"wp","href":"https:\/\/api.w.org\/{rel}","templated":true}]}}