{"id":25015,"date":"2023-01-25T08:09:30","date_gmt":"2023-01-25T07:09:30","guid":{"rendered":"https:\/\/www.luechingermeyer.ch\/geschaeftsleitung-ergaenzt\/"},"modified":"2023-01-25T08:15:18","modified_gmt":"2023-01-25T07:15:18","slug":"geschaeftsleitung-ergaenzt","status":"publish","type":"post","link":"https:\/\/lmp-ing.ch\/fr\/geschaeftsleitung-ergaenzt\/","title":{"rendered":"La direction est compl\u00e9t\u00e9e"},"content":{"rendered":"<p>Depuis le d\u00e9but de l&#8217;ann\u00e9e, Matthias Kunze, Fabienne Pl\u00fcss et Dr. Flavio Wanninger font partie de la direction de L\u00fcchinger+Meyer. L&#8217;entreprise r\u00e9agit aux d\u00e9fis administratifs suite \u00e0 la forte croissance de ces derni\u00e8res ann\u00e9es et renforce le d\u00e9veloppement des champs d\u2019action strat\u00e9giques.<\/p>\n<p>Matthias Kunze et Fabienne Pl\u00fcss assurent, avec leur \u00e9quipe, toutes les t\u00e2ches commerciales et administratives de l&#8217;entreprise en tant que co-directeurs de bureau. Fabienne Pl\u00fcss a rejoint L\u00fcchinger+Meyer le 1er janvier. Ses connaissances en gestion d&#8217;entreprise compl\u00e8tent id\u00e9alement les comp\u00e9tences de la direction. Fabienne Pl\u00fcss est responsable des d\u00e9partements finances et ressources humaines. En parall\u00e8le, elle sera toujours directrice adjointe de la SIA. Matthias Kunze, qui travaillait jusqu&#8217;\u00e0 pr\u00e9sent dans l&#8217;administration en tant que membre de la direction \u00e9largie, est responsable des d\u00e9partements communication et normes et s\u2019occupe de la coordination de l\u2019acquisition et des projets ainsi que de la planification de l\u2019exploitation.<\/p>\n","protected":false},"excerpt":{"rendered":"<p>Depuis le d\u00e9but de l&#8217;ann\u00e9e, Matthias Kunze, Fabienne Pl\u00fcss et Dr. Flavio Wanninger font partie de la direction de L\u00fcchinger+Meyer. L&#8217;entreprise r\u00e9agit aux d\u00e9fis administratifs suite \u00e0 la forte croissance de ces derni\u00e8res ann\u00e9es et renforce le d\u00e9veloppement des champs d\u2019action strat\u00e9giques. Matthias Kunze et Fabienne Pl\u00fcss assurent, avec leur \u00e9quipe, toutes les t\u00e2ches commerciales [&hellip;]<\/p>\n","protected":false},"author":101013,"featured_media":25009,"comment_status":"closed","ping_status":"closed","sticky":false,"template":"","format":"standard","meta":{"_acf_changed":false,"footnotes":""},"categories":[3],"tags":[],"class_list":["post-25015","post","type-post","status-publish","format-standard","has-post-thumbnail","hentry","category-non-classifiee"],"acf":[],"_links":{"self":[{"href":"https:\/\/lmp-ing.ch\/fr\/wp-json\/wp\/v2\/posts\/25015","targetHints":{"allow":["GET"]}}],"collection":[{"href":"https:\/\/lmp-ing.ch\/fr\/wp-json\/wp\/v2\/posts"}],"about":[{"href":"https:\/\/lmp-ing.ch\/fr\/wp-json\/wp\/v2\/types\/post"}],"author":[{"embeddable":true,"href":"https:\/\/lmp-ing.ch\/fr\/wp-json\/wp\/v2\/users\/101013"}],"replies":[{"embeddable":true,"href":"https:\/\/lmp-ing.ch\/fr\/wp-json\/wp\/v2\/comments?post=25015"}],"version-history":[{"count":2,"href":"https:\/\/lmp-ing.ch\/fr\/wp-json\/wp\/v2\/posts\/25015\/revisions"}],"predecessor-version":[{"id":25019,"href":"https:\/\/lmp-ing.ch\/fr\/wp-json\/wp\/v2\/posts\/25015\/revisions\/25019"}],"wp:featuredmedia":[{"embeddable":true,"href":"https:\/\/lmp-ing.ch\/fr\/wp-json\/wp\/v2\/media\/25009"}],"wp:attachment":[{"href":"https:\/\/lmp-ing.ch\/fr\/wp-json\/wp\/v2\/media?parent=25015"}],"wp:term":[{"taxonomy":"category","embeddable":true,"href":"https:\/\/lmp-ing.ch\/fr\/wp-json\/wp\/v2\/categories?post=25015"},{"taxonomy":"post_tag","embeddable":true,"href":"https:\/\/lmp-ing.ch\/fr\/wp-json\/wp\/v2\/tags?post=25015"}],"curies":[{"name":"wp","href":"https:\/\/api.w.org\/{rel}","templated":true}]}}