{"id":25253,"date":"2023-02-04T16:22:10","date_gmt":"2023-02-04T15:22:10","guid":{"rendered":"https:\/\/www.luechingermeyer.ch\/ein-co2-neutrales-hochhaus-am-letzigrund\/"},"modified":"2023-02-06T16:48:49","modified_gmt":"2023-02-06T15:48:49","slug":"ein-co2-neutrales-hochhaus-am-letzigrund","status":"publish","type":"post","link":"https:\/\/lmp-ing.ch\/fr\/ein-co2-neutrales-hochhaus-am-letzigrund\/","title":{"rendered":"Une tour neutre en CO2 au Letzigrund"},"content":{"rendered":"<p>Une tour \u00e9lanc\u00e9e situ\u00e9e aux num\u00e9ros 501-505 de la Badenerstrasse viendra compl\u00e9ter l&#8217;ensemble des b\u00e2timents du Letzigrund \u00e0 partir de 2027. Le <a href=\"https:\/\/www.luechingermeyer.ch\/fr\/project\/neubau-badenerstrasse-501-505-zuerich\/\">projet<\/a> de <a href=\"https:\/\/www.meierhug.ch\/\">Michael Meier et Marius Hug Architekten<\/a> est sorti vainqueur de l&#8217;\u00e9tude men\u00e9e par <a href=\"https:\/\/allreal.ch\/en\/\">Allreal Generalunternehmung<\/a>, propri\u00e9taire et d\u00e9veloppeur du projet. L\u00fcchinger+Meyer a accompagn\u00e9 le travail de conception de la fa\u00e7ade. La tour offrira 64 logements locatifs ainsi que des surfaces commerciales au rez-de-chauss\u00e9e. Les locataires disposeront d&#8217;une grande terrasse sur le toit du b\u00e2timent. La couleur rouge du nouveau b\u00e2timent correspond \u00e0 celle du stade voisin.<br \/>\nL&#8217;un des principaux objectifs du programme du concours \u00e9tait la durabilit\u00e9. Il a \u00e9t\u00e9 d\u00e9lib\u00e9r\u00e9ment d\u00e9cid\u00e9 de renoncer \u00e0 un parking souterrain, car la tour d&#8217;habitation est situ\u00e9e au centre et id\u00e9alement desservie par les transports publics. Le nouveau b\u00e2timent r\u00e9pond en outre \u00e0 l&#8217;exigence d&#8217;une exploitation enti\u00e8rement neutre en CO2, ce qui est notamment possible gr\u00e2ce \u00e0 l&#8217;utilisation compl\u00e8te des fa\u00e7ades pour la production d&#8217;\u00e9nergie au moyen de panneaux photovolta\u00efques. Le jury reconna\u00eet explicitement le soin apport\u00e9 \u00e0 la planification de l&#8217;enveloppe du b\u00e2timent : &#8220;La mise en \u0153uvre cr\u00e9ative de la fa\u00e7ade et du volume est convaincante et r\u00e9pond aux exigences accrues pos\u00e9es \u00e0 un immeuble de grande hauteur. [&#8230;] La r\u00e9action diff\u00e9renci\u00e9e de la fa\u00e7ade, qui est recouverte de modules photovolta\u00efques selon l&#8217;orientation, tient compte des conditions tr\u00e8s diff\u00e9rentes dans toutes les directions et parvient en m\u00eame temps \u00e0 maintenir la coh\u00e9sion optique du grand volume du b\u00e2timent&#8221;.<\/p>\n","protected":false},"excerpt":{"rendered":"<p>Une tour \u00e9lanc\u00e9e situ\u00e9e aux num\u00e9ros 501-505 de la Badenerstrasse viendra compl\u00e9ter l&#8217;ensemble des b\u00e2timents du Letzigrund \u00e0 partir de 2027. Le projet de Michael Meier et Marius Hug Architekten est sorti vainqueur de l&#8217;\u00e9tude men\u00e9e par Allreal Generalunternehmung, propri\u00e9taire et d\u00e9veloppeur du projet. L\u00fcchinger+Meyer a accompagn\u00e9 le travail de conception de la fa\u00e7ade. La [&hellip;]<\/p>\n","protected":false},"author":101013,"featured_media":25198,"comment_status":"closed","ping_status":"closed","sticky":false,"template":"","format":"standard","meta":{"_acf_changed":false,"footnotes":""},"categories":[3],"tags":[],"class_list":["post-25253","post","type-post","status-publish","format-standard","has-post-thumbnail","hentry","category-non-classifiee"],"acf":[],"_links":{"self":[{"href":"https:\/\/lmp-ing.ch\/fr\/wp-json\/wp\/v2\/posts\/25253","targetHints":{"allow":["GET"]}}],"collection":[{"href":"https:\/\/lmp-ing.ch\/fr\/wp-json\/wp\/v2\/posts"}],"about":[{"href":"https:\/\/lmp-ing.ch\/fr\/wp-json\/wp\/v2\/types\/post"}],"author":[{"embeddable":true,"href":"https:\/\/lmp-ing.ch\/fr\/wp-json\/wp\/v2\/users\/101013"}],"replies":[{"embeddable":true,"href":"https:\/\/lmp-ing.ch\/fr\/wp-json\/wp\/v2\/comments?post=25253"}],"version-history":[{"count":2,"href":"https:\/\/lmp-ing.ch\/fr\/wp-json\/wp\/v2\/posts\/25253\/revisions"}],"predecessor-version":[{"id":25255,"href":"https:\/\/lmp-ing.ch\/fr\/wp-json\/wp\/v2\/posts\/25253\/revisions\/25255"}],"wp:featuredmedia":[{"embeddable":true,"href":"https:\/\/lmp-ing.ch\/fr\/wp-json\/wp\/v2\/media\/25198"}],"wp:attachment":[{"href":"https:\/\/lmp-ing.ch\/fr\/wp-json\/wp\/v2\/media?parent=25253"}],"wp:term":[{"taxonomy":"category","embeddable":true,"href":"https:\/\/lmp-ing.ch\/fr\/wp-json\/wp\/v2\/categories?post=25253"},{"taxonomy":"post_tag","embeddable":true,"href":"https:\/\/lmp-ing.ch\/fr\/wp-json\/wp\/v2\/tags?post=25253"}],"curies":[{"name":"wp","href":"https:\/\/api.w.org\/{rel}","templated":true}]}}