{"id":26943,"date":"2023-05-26T10:46:33","date_gmt":"2023-05-26T08:46:33","guid":{"rendered":"https:\/\/www.luechingermeyer.ch\/tanzen-treffen-feiern-versammeln\/"},"modified":"2023-05-26T10:59:51","modified_gmt":"2023-05-26T08:59:51","slug":"tanzen-treffen-feiern-versammeln","status":"publish","type":"post","link":"https:\/\/lmp-ing.ch\/fr\/tanzen-treffen-feiern-versammeln\/","title":{"rendered":"Danse, rencontre, f\u00eate &#038; rassemblement"},"content":{"rendered":"<p>Un cadeau de No\u00ebl tout \u00e0 fait ind\u00e9sirable a surpris les habitants de la commune vaudoise de Bussy-sur-Moudon \u00e0 la mi-d\u00e9cembre 2019 : la grande salle du village a \u00e9t\u00e9 d\u00e9truite par un incendie, privant ainsi la communaut\u00e9 villageoise de son lieu de r\u00e9union et de manifestation. L&#8217;administration a donc rapidement lanc\u00e9 la planification et la construction d&#8217;un nouveau b\u00e2timent afin de &#8220;redonner de l&#8217;espace&#8221; \u00e0 la vie communale. C&#8217;est avec plaisir qu&#8217;<a href=\"https:\/\/emixi.ch\/\">emixi architectes<\/a> et L\u00fcchinger+Meyer soutiennent cette demande urgente en tant que planificateurs. Leur nouvelle <a href=\"https:\/\/www.luechingermeyer.ch\/fr\/project\/gemeindesaal-bussy-sur-moudon\/\">salle communale<\/a> reprend le plan de l&#8217;ancien b\u00e2timent. Alors que ce dernier s&#8217;\u00e9levait en hauteur, les responsables ont d\u00e9cid\u00e9 d&#8217;allonger et d&#8217;enterrer partiellement le nouveau b\u00e2timent.<br \/>\nLe sous-sol spacieux, r\u00e9alis\u00e9 en construction massive, abrite l&#8217;administration communale, un garage et des locaux techniques. La nouvelle salle, avec son plafond \u00e0 facette, offre environ 200 places assises et un espace g\u00e9n\u00e9reux pour les 237 habitants actuels de la commune.<\/p>\n<p>&nbsp;<\/p>\n","protected":false},"excerpt":{"rendered":"<p>Un cadeau de No\u00ebl tout \u00e0 fait ind\u00e9sirable a surpris les habitants de la commune vaudoise de Bussy-sur-Moudon \u00e0 la mi-d\u00e9cembre 2019 : la grande salle du village a \u00e9t\u00e9 d\u00e9truite par un incendie, privant ainsi la communaut\u00e9 villageoise de son lieu de r\u00e9union et de manifestation. L&#8217;administration a donc rapidement lanc\u00e9 la planification et [&hellip;]<\/p>\n","protected":false},"author":101013,"featured_media":26838,"comment_status":"closed","ping_status":"closed","sticky":false,"template":"","format":"standard","meta":{"_acf_changed":false,"footnotes":""},"categories":[3],"tags":[],"class_list":["post-26943","post","type-post","status-publish","format-standard","has-post-thumbnail","hentry","category-non-classifiee"],"acf":[],"_links":{"self":[{"href":"https:\/\/lmp-ing.ch\/fr\/wp-json\/wp\/v2\/posts\/26943","targetHints":{"allow":["GET"]}}],"collection":[{"href":"https:\/\/lmp-ing.ch\/fr\/wp-json\/wp\/v2\/posts"}],"about":[{"href":"https:\/\/lmp-ing.ch\/fr\/wp-json\/wp\/v2\/types\/post"}],"author":[{"embeddable":true,"href":"https:\/\/lmp-ing.ch\/fr\/wp-json\/wp\/v2\/users\/101013"}],"replies":[{"embeddable":true,"href":"https:\/\/lmp-ing.ch\/fr\/wp-json\/wp\/v2\/comments?post=26943"}],"version-history":[{"count":3,"href":"https:\/\/lmp-ing.ch\/fr\/wp-json\/wp\/v2\/posts\/26943\/revisions"}],"predecessor-version":[{"id":26946,"href":"https:\/\/lmp-ing.ch\/fr\/wp-json\/wp\/v2\/posts\/26943\/revisions\/26946"}],"wp:featuredmedia":[{"embeddable":true,"href":"https:\/\/lmp-ing.ch\/fr\/wp-json\/wp\/v2\/media\/26838"}],"wp:attachment":[{"href":"https:\/\/lmp-ing.ch\/fr\/wp-json\/wp\/v2\/media?parent=26943"}],"wp:term":[{"taxonomy":"category","embeddable":true,"href":"https:\/\/lmp-ing.ch\/fr\/wp-json\/wp\/v2\/categories?post=26943"},{"taxonomy":"post_tag","embeddable":true,"href":"https:\/\/lmp-ing.ch\/fr\/wp-json\/wp\/v2\/tags?post=26943"}],"curies":[{"name":"wp","href":"https:\/\/api.w.org\/{rel}","templated":true}]}}