{"id":27250,"date":"2023-06-13T11:29:15","date_gmt":"2023-06-13T09:29:15","guid":{"rendered":"https:\/\/www.luechingermeyer.ch\/way-to-grow-glass-performance-days-2023\/"},"modified":"2023-06-14T15:07:18","modified_gmt":"2023-06-14T13:07:18","slug":"way-to-grow-glass-performance-days-2023","status":"publish","type":"post","link":"https:\/\/lmp-ing.ch\/fr\/way-to-grow-glass-performance-days-2023\/","title":{"rendered":"Way to grow \u2013 Glass Performance Days 2023"},"content":{"rendered":"<p>Le printemps \u00e0 Tampere. La m\u00e9tropole finlandaise sera \u00e0 nouveau le point de rencontre des experts mondiaux du verre. Du 13 au 16 juin, les <a href=\"https:\/\/gpd.fi\/\">Glass Performance Days<\/a> ouvriront leurs portes et offriront aux acteurs de la recherche, de la planification et de l&#8217;industrie un forum reconnu pour l&#8217;\u00e9change d&#8217;id\u00e9es et le transfert des innovations et des r\u00e9sultats de la recherche. Comme toujours, les concepteurs de fa\u00e7ades de L\u00fcchinger+Meyer comptent parmi les invit\u00e9s de cette rencontre de r\u00e9seautage, et cette ann\u00e9e, ils interviennent \u00e0 plusieurs reprises.<br \/>\nLes GPD commencent traditionnellement par des ateliers. Dans ce cadre, Philippe Willareth participe \u00e0 l&#8217;\u00e9change sur le th\u00e8me &#8220;Clarity Revisited &#8211; (re)shaping the future of glass&#8221;. Le matin du 14 juin, cet \u00e9v\u00e9nement marquera le d\u00e9but de l&#8217;atelier en deux parties &#8220;Opportunities in a circular economy approach to the glassing industry&#8221;.<br \/>\nLa conf\u00e9rence effective aura lieu les deux jours suivants. Des s\u00e9minaires parall\u00e8les organis\u00e9s autour de six th\u00e8mes principaux fourniront des informations vari\u00e9es et des t\u00e9moignages sur le monde du verre. Les participants n&#8217;auront donc que l&#8217;embarras du choix.<\/p>\n","protected":false},"excerpt":{"rendered":"<p>Le printemps \u00e0 Tampere. La m\u00e9tropole finlandaise sera \u00e0 nouveau le point de rencontre des experts mondiaux du verre. Du 13 au 16 juin, les Glass Performance Days ouvriront leurs portes et offriront aux acteurs de la recherche, de la planification et de l&#8217;industrie un forum reconnu pour l&#8217;\u00e9change d&#8217;id\u00e9es et le transfert des innovations [&hellip;]<\/p>\n","protected":false},"author":101013,"featured_media":27225,"comment_status":"closed","ping_status":"closed","sticky":false,"template":"","format":"standard","meta":{"_acf_changed":false,"footnotes":""},"categories":[3],"tags":[],"class_list":["post-27250","post","type-post","status-publish","format-standard","has-post-thumbnail","hentry","category-non-classifiee"],"acf":[],"_links":{"self":[{"href":"https:\/\/lmp-ing.ch\/fr\/wp-json\/wp\/v2\/posts\/27250","targetHints":{"allow":["GET"]}}],"collection":[{"href":"https:\/\/lmp-ing.ch\/fr\/wp-json\/wp\/v2\/posts"}],"about":[{"href":"https:\/\/lmp-ing.ch\/fr\/wp-json\/wp\/v2\/types\/post"}],"author":[{"embeddable":true,"href":"https:\/\/lmp-ing.ch\/fr\/wp-json\/wp\/v2\/users\/101013"}],"replies":[{"embeddable":true,"href":"https:\/\/lmp-ing.ch\/fr\/wp-json\/wp\/v2\/comments?post=27250"}],"version-history":[{"count":2,"href":"https:\/\/lmp-ing.ch\/fr\/wp-json\/wp\/v2\/posts\/27250\/revisions"}],"predecessor-version":[{"id":27252,"href":"https:\/\/lmp-ing.ch\/fr\/wp-json\/wp\/v2\/posts\/27250\/revisions\/27252"}],"wp:featuredmedia":[{"embeddable":true,"href":"https:\/\/lmp-ing.ch\/fr\/wp-json\/wp\/v2\/media\/27225"}],"wp:attachment":[{"href":"https:\/\/lmp-ing.ch\/fr\/wp-json\/wp\/v2\/media?parent=27250"}],"wp:term":[{"taxonomy":"category","embeddable":true,"href":"https:\/\/lmp-ing.ch\/fr\/wp-json\/wp\/v2\/categories?post=27250"},{"taxonomy":"post_tag","embeddable":true,"href":"https:\/\/lmp-ing.ch\/fr\/wp-json\/wp\/v2\/tags?post=27250"}],"curies":[{"name":"wp","href":"https:\/\/api.w.org\/{rel}","templated":true}]}}