{"id":27668,"date":"2023-06-26T15:37:06","date_gmt":"2023-06-26T13:37:06","guid":{"rendered":"https:\/\/www.luechingermeyer.ch\/ueber-stock-und-stein-und-steg\/"},"modified":"2023-06-27T13:58:16","modified_gmt":"2023-06-27T11:58:16","slug":"ueber-stock-und-stein-und-steg","status":"publish","type":"post","link":"https:\/\/lmp-ing.ch\/fr\/ueber-stock-und-stein-und-steg\/","title":{"rendered":"Par monts et par vaux"},"content":{"rendered":"<p>La semaine derni\u00e8re, les portes de nos bureaux ont \u00e9t\u00e9 ferm\u00e9es d\u00e8s jeudi soir, car \u00e0 la place du monde de travail quotidien, se sont ouvertes \u00e0 nous vendredi pass\u00e9 les coulisses impressionnantes du <a href=\"https:\/\/www.gantrisch.ch\/\">parc naturel de Gantrisch<\/a> &#8211; journ\u00e9e de randonn\u00e9e chez L\u00fcchinger+Meyer. &#8220;Le paysage vierge est id\u00e9al pour fuir le rythme effr\u00e9n\u00e9 de la vie moderne&#8221;. R\u00e9trospectivement, nous pouvons adh\u00e9rer sans r\u00e9serve aux propos du r\u00e9seau des parcs suisses. Cette ann\u00e9e, l&#8217;ambition nous a saisis. 15 kilom\u00e8tres de randonn\u00e9e avec quelques centaines de m\u00e8tres de d\u00e9nivel\u00e9 positifs et n\u00e9gatifs \u00e9taient au programme. Dans un premier temps, le parcours nous a men\u00e9s en une grande boucle du parking Wasserscheide (l&#8217;endroit de la ligne de partage des eaux entre l&#8217;Aar et la Singine) au pied de Haber, N\u00fcnenefluh, Gantrisch. L\u00e0, nous avons pu savourer un authentique lunch en plein air \u00e0 l&#8217;alpage d&#8217;Obern\u00fcnenen, o\u00f9 nous avons \u00e9t\u00e9 chaleureusement accueillis par les alpagistes, qui nous ont servi de savoureux r\u00f6stis \u00e0 discr\u00e9tion.<br \/>\nApr\u00e8s avoir repris des forces, nous avons entam\u00e9 la mont\u00e9e vers le sentier panoramique du Gantrisch. Ce classique de la randonn\u00e9e compte parmi les chemins les plus panoramiques des Pr\u00e9alpes bernoises. Une vue d\u00e9gag\u00e9e sur la cha\u00eene du Stockhorn, le Schwarzenburgerland et les Alpes fribourgeoises nous a permis de nous en convaincre.<\/p>\n","protected":false},"excerpt":{"rendered":"<p>La semaine derni\u00e8re, les portes de nos bureaux ont \u00e9t\u00e9 ferm\u00e9es d\u00e8s jeudi soir, car \u00e0 la place du monde de travail quotidien, se sont ouvertes \u00e0 nous vendredi pass\u00e9 les coulisses impressionnantes du parc naturel de Gantrisch &#8211; journ\u00e9e de randonn\u00e9e chez L\u00fcchinger+Meyer. &#8220;Le paysage vierge est id\u00e9al pour fuir le rythme effr\u00e9n\u00e9 de [&hellip;]<\/p>\n","protected":false},"author":101013,"featured_media":27654,"comment_status":"closed","ping_status":"closed","sticky":false,"template":"","format":"standard","meta":{"_acf_changed":false,"footnotes":""},"categories":[3],"tags":[],"class_list":["post-27668","post","type-post","status-publish","format-standard","has-post-thumbnail","hentry","category-non-classifiee"],"acf":[],"_links":{"self":[{"href":"https:\/\/lmp-ing.ch\/fr\/wp-json\/wp\/v2\/posts\/27668","targetHints":{"allow":["GET"]}}],"collection":[{"href":"https:\/\/lmp-ing.ch\/fr\/wp-json\/wp\/v2\/posts"}],"about":[{"href":"https:\/\/lmp-ing.ch\/fr\/wp-json\/wp\/v2\/types\/post"}],"author":[{"embeddable":true,"href":"https:\/\/lmp-ing.ch\/fr\/wp-json\/wp\/v2\/users\/101013"}],"replies":[{"embeddable":true,"href":"https:\/\/lmp-ing.ch\/fr\/wp-json\/wp\/v2\/comments?post=27668"}],"version-history":[{"count":2,"href":"https:\/\/lmp-ing.ch\/fr\/wp-json\/wp\/v2\/posts\/27668\/revisions"}],"predecessor-version":[{"id":27670,"href":"https:\/\/lmp-ing.ch\/fr\/wp-json\/wp\/v2\/posts\/27668\/revisions\/27670"}],"wp:featuredmedia":[{"embeddable":true,"href":"https:\/\/lmp-ing.ch\/fr\/wp-json\/wp\/v2\/media\/27654"}],"wp:attachment":[{"href":"https:\/\/lmp-ing.ch\/fr\/wp-json\/wp\/v2\/media?parent=27668"}],"wp:term":[{"taxonomy":"category","embeddable":true,"href":"https:\/\/lmp-ing.ch\/fr\/wp-json\/wp\/v2\/categories?post=27668"},{"taxonomy":"post_tag","embeddable":true,"href":"https:\/\/lmp-ing.ch\/fr\/wp-json\/wp\/v2\/tags?post=27668"}],"curies":[{"name":"wp","href":"https:\/\/api.w.org\/{rel}","templated":true}]}}