{"id":28461,"date":"2023-07-11T13:33:10","date_gmt":"2023-07-11T11:33:10","guid":{"rendered":"https:\/\/www.luechingermeyer.ch\/richtfest-am-zentrallabor\/"},"modified":"2023-07-20T08:37:32","modified_gmt":"2023-07-20T06:37:32","slug":"richtfest-am-zentrallabor","status":"publish","type":"post","link":"https:\/\/lmp-ing.ch\/fr\/richtfest-am-zentrallabor\/","title":{"rendered":"F\u00eate du bouquet au laboratoire central"},"content":{"rendered":"<p>Le nouveau b\u00e2timent de l&#8217;<a href=\"https:\/\/www.luechingermeyer.ch\/fr\/project\/amt-fuer-verbraucherschutz-unterentfelden\/\">Office de la protection des consommateurs<\/a> (AVS) \u00e0 Unterentfelden a pris forme. Le gros \u0153uvre du b\u00e2timent hybride bois-b\u00e9ton est termin\u00e9 et offre aux futurs utilisateurs un aper\u00e7u de leur futur environnement de travail. Dans ce b\u00e2timent de deux \u00e9tages, des capacit\u00e9s de laboratoire centralis\u00e9es et \u00e9largies seront disponibles pour l&#8217;AVS \u00e0 partir de l&#8217;\u00e9t\u00e9 2024. Lors de la f\u00eate de l&#8217;ach\u00e8vement du gros \u0153uvre en mai, tout le monde \u00e9tait d&#8217;accord : le gros \u0153uvre a fi\u00e8re allure. Les orateurs de la f\u00eate, Michael Sauer, chef de projet du ma\u00eetre d&#8217;ouvrage, la directrice de l&#8217;AVS, le Dr m\u00e9d. v\u00e9t. Alda Breitenmoser, et l&#8217;architecte Markus Schietsch, en \u00e9taient tous convaincus. Nos ing\u00e9nieurs et constructeurs pr\u00e9sents, qui se sont occup\u00e9s de l&#8217;\u00e9tude de projet et de la r\u00e9alisation de la construction massive, ont \u00e9galement partag\u00e9 la joie de la r\u00e9ussite de l&#8217;ex\u00e9cution et de l&#8217;appr\u00e9ciation.<\/p>\n","protected":false},"excerpt":{"rendered":"<p>Le nouveau b\u00e2timent de l&#8217;Office de la protection des consommateurs (AVS) \u00e0 Unterentfelden a pris forme. Le gros \u0153uvre du b\u00e2timent hybride bois-b\u00e9ton est termin\u00e9 et offre aux futurs utilisateurs un aper\u00e7u de leur futur environnement de travail. Dans ce b\u00e2timent de deux \u00e9tages, des capacit\u00e9s de laboratoire centralis\u00e9es et \u00e9largies seront disponibles pour l&#8217;AVS [&hellip;]<\/p>\n","protected":false},"author":101013,"featured_media":28104,"comment_status":"closed","ping_status":"closed","sticky":false,"template":"","format":"standard","meta":{"_acf_changed":false,"footnotes":""},"categories":[3],"tags":[],"class_list":["post-28461","post","type-post","status-publish","format-standard","has-post-thumbnail","hentry","category-non-classifiee"],"acf":[],"_links":{"self":[{"href":"https:\/\/lmp-ing.ch\/fr\/wp-json\/wp\/v2\/posts\/28461","targetHints":{"allow":["GET"]}}],"collection":[{"href":"https:\/\/lmp-ing.ch\/fr\/wp-json\/wp\/v2\/posts"}],"about":[{"href":"https:\/\/lmp-ing.ch\/fr\/wp-json\/wp\/v2\/types\/post"}],"author":[{"embeddable":true,"href":"https:\/\/lmp-ing.ch\/fr\/wp-json\/wp\/v2\/users\/101013"}],"replies":[{"embeddable":true,"href":"https:\/\/lmp-ing.ch\/fr\/wp-json\/wp\/v2\/comments?post=28461"}],"version-history":[{"count":2,"href":"https:\/\/lmp-ing.ch\/fr\/wp-json\/wp\/v2\/posts\/28461\/revisions"}],"predecessor-version":[{"id":28463,"href":"https:\/\/lmp-ing.ch\/fr\/wp-json\/wp\/v2\/posts\/28461\/revisions\/28463"}],"wp:featuredmedia":[{"embeddable":true,"href":"https:\/\/lmp-ing.ch\/fr\/wp-json\/wp\/v2\/media\/28104"}],"wp:attachment":[{"href":"https:\/\/lmp-ing.ch\/fr\/wp-json\/wp\/v2\/media?parent=28461"}],"wp:term":[{"taxonomy":"category","embeddable":true,"href":"https:\/\/lmp-ing.ch\/fr\/wp-json\/wp\/v2\/categories?post=28461"},{"taxonomy":"post_tag","embeddable":true,"href":"https:\/\/lmp-ing.ch\/fr\/wp-json\/wp\/v2\/tags?post=28461"}],"curies":[{"name":"wp","href":"https:\/\/api.w.org\/{rel}","templated":true}]}}