{"id":29402,"date":"2023-09-27T23:50:33","date_gmt":"2023-09-27T21:50:33","guid":{"rendered":"https:\/\/www.luechingermeyer.ch\/fete-du-bureau\/"},"modified":"2023-09-28T15:02:02","modified_gmt":"2023-09-28T13:02:02","slug":"fete-du-bureau","status":"publish","type":"post","link":"https:\/\/lmp-ing.ch\/fr\/fete-du-bureau\/","title":{"rendered":"F\u00eate du bureau"},"content":{"rendered":"<p>Trois ans et demi apr\u00e8s sa cr\u00e9ation, la filiale lausannoise de L\u00fcchinger+Meyer a convi\u00e9, le 27 septembre 2023, les collaborateurs de Zurich et de Lucerne \u00e0 une \u00ab\u00a0office Party\u00a0\u00bb inaugurale organis\u00e9e dans ses locaux situ\u00e9s au 10, Rue de la Gare. De nombreux coll\u00e8gues ont r\u00e9pondu pr\u00e9sent \u00e0 cette invitation et ont \u00e9t\u00e9 chaleureusement accueillis par Etienne Bouleau et son \u00e9quipe. Dans le cadre enchanteur d&#8217;une fin d&#8217;\u00e9t\u00e9, nous avons eu le privil\u00e8ge de profiter de la vue panoramique sur le lac L\u00e9man, de savourer des amuse-bouches, d\u2019appr\u00e9cier la bi\u00e8re locale et de b\u00e9n\u00e9ficier de nombreuses opportunit\u00e9s d&#8217;\u00e9change, le tout sous des ballons color\u00e9s qui transcendaient les fronti\u00e8res linguistiques.<\/p>\n","protected":false},"excerpt":{"rendered":"<p>Trois ans et demi apr\u00e8s sa cr\u00e9ation, la filiale lausannoise de L\u00fcchinger+Meyer a convi\u00e9, le 27 septembre 2023, les collaborateurs de Zurich et de Lucerne \u00e0 une \u00ab\u00a0office Party\u00a0\u00bb inaugurale organis\u00e9e dans ses locaux situ\u00e9s au 10, Rue de la Gare. De nombreux coll\u00e8gues ont r\u00e9pondu pr\u00e9sent \u00e0 cette invitation et ont \u00e9t\u00e9 chaleureusement accueillis [&hellip;]<\/p>\n","protected":false},"author":101013,"featured_media":29310,"comment_status":"closed","ping_status":"closed","sticky":false,"template":"","format":"standard","meta":{"_acf_changed":false,"footnotes":""},"categories":[3],"tags":[],"class_list":["post-29402","post","type-post","status-publish","format-standard","has-post-thumbnail","hentry","category-non-classifiee"],"acf":[],"_links":{"self":[{"href":"https:\/\/lmp-ing.ch\/fr\/wp-json\/wp\/v2\/posts\/29402","targetHints":{"allow":["GET"]}}],"collection":[{"href":"https:\/\/lmp-ing.ch\/fr\/wp-json\/wp\/v2\/posts"}],"about":[{"href":"https:\/\/lmp-ing.ch\/fr\/wp-json\/wp\/v2\/types\/post"}],"author":[{"embeddable":true,"href":"https:\/\/lmp-ing.ch\/fr\/wp-json\/wp\/v2\/users\/101013"}],"replies":[{"embeddable":true,"href":"https:\/\/lmp-ing.ch\/fr\/wp-json\/wp\/v2\/comments?post=29402"}],"version-history":[{"count":2,"href":"https:\/\/lmp-ing.ch\/fr\/wp-json\/wp\/v2\/posts\/29402\/revisions"}],"predecessor-version":[{"id":29404,"href":"https:\/\/lmp-ing.ch\/fr\/wp-json\/wp\/v2\/posts\/29402\/revisions\/29404"}],"wp:featuredmedia":[{"embeddable":true,"href":"https:\/\/lmp-ing.ch\/fr\/wp-json\/wp\/v2\/media\/29310"}],"wp:attachment":[{"href":"https:\/\/lmp-ing.ch\/fr\/wp-json\/wp\/v2\/media?parent=29402"}],"wp:term":[{"taxonomy":"category","embeddable":true,"href":"https:\/\/lmp-ing.ch\/fr\/wp-json\/wp\/v2\/categories?post=29402"},{"taxonomy":"post_tag","embeddable":true,"href":"https:\/\/lmp-ing.ch\/fr\/wp-json\/wp\/v2\/tags?post=29402"}],"curies":[{"name":"wp","href":"https:\/\/api.w.org\/{rel}","templated":true}]}}