{"id":29718,"date":"2023-10-08T11:39:53","date_gmt":"2023-10-08T09:39:53","guid":{"rendered":"https:\/\/www.luechingermeyer.ch\/100-jahre-flughafen-tempelhof\/"},"modified":"2023-10-10T10:21:46","modified_gmt":"2023-10-10T08:21:46","slug":"100-jahre-flughafen-tempelhof","status":"publish","type":"post","link":"https:\/\/lmp-ing.ch\/fr\/100-jahre-flughafen-tempelhof\/","title":{"rendered":"Les 100 ans de l&#8217;a\u00e9roport de Tempelhof"},"content":{"rendered":"<p>Berlin f\u00eate le centenaire de son plus ancien a\u00e9roport de la capitale. Du 6 au 10 octobre 2023, l&#8217;a\u00e9roport de Tempelhof invite \u00e0 la grande f\u00eate d&#8217;anniversaire &#8220;<a href=\"https:\/\/www.thf-berlin.de\/aktuelles\/100-jahre-100-stunden\">100 ANN\u00c9ES &#8211; 100 HEURES<\/a>&#8220;. Nous le f\u00e9licitons depuis Zurich. En m\u00eame temps, le lien historique nous r\u00e9jouit : En 1923, le premier vol r\u00e9gulier au d\u00e9part de l&#8217;a\u00e9roport de Berlin-Tempelhof \u00e9tait \u00e0 destination de Munich avec une correspondance pour la Suisse. Un si\u00e8cle plus tard, cette liaison a connu une nouvelle actualit\u00e9 lorsque les architectes (<a href=\"https:\/\/www.mlzd.ch\/\">:mlzd<\/a>) et les ing\u00e9nieurs civils (L\u00fcchinger+Meyer) suisses ont remis la &#8220;nouvelle&#8221; <a href=\"https:\/\/www.luechingermeyer.ch\/fr\/project\/besucherzentrum-flughafen-tempelhof-berlin\/\">tour de Tempelhof<\/a> \u00e0 la ville de Berlin. Nous sommes heureux que l&#8217;ach\u00e8vement ait eu lieu \u00e0 temps pour ce grand \u00e9v\u00e9nement.<br \/>\n&#8220;J&#8217;ai encore une valise \u00e0 Berlin, c&#8217;est pourquoi je dois y retourner prochainement&#8221;, chantait la grande Marl\u00e8ne Dietrich pour exprimer son attachement \u00e0 Berlin. Notre &#8220;valise&#8221; est la tour THF, dont la visite prochaine nous tient particuli\u00e8rement \u00e0 c\u0153ur. Et m\u00eame si elle n&#8217;a malheureusement pas lieu \u00e0 l&#8217;occasion de l&#8217;anniversaire, elle aura certainement lieu pendant les prochaines vacances ou lors d&#8217;un week-end prolong\u00e9. En attendant, les superbes photos d&#8217;Andreas Tschersich nous mettent dans l&#8217;ambiance de la visite \u00e0 venir.<\/p>\n","protected":false},"excerpt":{"rendered":"<p>Berlin f\u00eate le centenaire de son plus ancien a\u00e9roport de la capitale. Du 6 au 10 octobre 2023, l&#8217;a\u00e9roport de Tempelhof invite \u00e0 la grande f\u00eate d&#8217;anniversaire &#8220;100 ANN\u00c9ES &#8211; 100 HEURES&#8220;. Nous le f\u00e9licitons depuis Zurich. En m\u00eame temps, le lien historique nous r\u00e9jouit : En 1923, le premier vol r\u00e9gulier au d\u00e9part de [&hellip;]<\/p>\n","protected":false},"author":101013,"featured_media":29702,"comment_status":"closed","ping_status":"closed","sticky":false,"template":"","format":"standard","meta":{"_acf_changed":false,"footnotes":""},"categories":[3],"tags":[],"class_list":["post-29718","post","type-post","status-publish","format-standard","has-post-thumbnail","hentry","category-non-classifiee"],"acf":[],"_links":{"self":[{"href":"https:\/\/lmp-ing.ch\/fr\/wp-json\/wp\/v2\/posts\/29718","targetHints":{"allow":["GET"]}}],"collection":[{"href":"https:\/\/lmp-ing.ch\/fr\/wp-json\/wp\/v2\/posts"}],"about":[{"href":"https:\/\/lmp-ing.ch\/fr\/wp-json\/wp\/v2\/types\/post"}],"author":[{"embeddable":true,"href":"https:\/\/lmp-ing.ch\/fr\/wp-json\/wp\/v2\/users\/101013"}],"replies":[{"embeddable":true,"href":"https:\/\/lmp-ing.ch\/fr\/wp-json\/wp\/v2\/comments?post=29718"}],"version-history":[{"count":2,"href":"https:\/\/lmp-ing.ch\/fr\/wp-json\/wp\/v2\/posts\/29718\/revisions"}],"predecessor-version":[{"id":29720,"href":"https:\/\/lmp-ing.ch\/fr\/wp-json\/wp\/v2\/posts\/29718\/revisions\/29720"}],"wp:featuredmedia":[{"embeddable":true,"href":"https:\/\/lmp-ing.ch\/fr\/wp-json\/wp\/v2\/media\/29702"}],"wp:attachment":[{"href":"https:\/\/lmp-ing.ch\/fr\/wp-json\/wp\/v2\/media?parent=29718"}],"wp:term":[{"taxonomy":"category","embeddable":true,"href":"https:\/\/lmp-ing.ch\/fr\/wp-json\/wp\/v2\/categories?post=29718"},{"taxonomy":"post_tag","embeddable":true,"href":"https:\/\/lmp-ing.ch\/fr\/wp-json\/wp\/v2\/tags?post=29718"}],"curies":[{"name":"wp","href":"https:\/\/api.w.org\/{rel}","templated":true}]}}