{"id":31123,"date":"2024-01-24T15:37:20","date_gmt":"2024-01-24T14:37:20","guid":{"rendered":"https:\/\/www.luechingermeyer.ch\/spatenstich-in-doppelschicht\/"},"modified":"2024-01-25T13:19:54","modified_gmt":"2024-01-25T12:19:54","slug":"spatenstich-in-doppelschicht","status":"publish","type":"post","link":"https:\/\/lmp-ing.ch\/fr\/spatenstich-in-doppelschicht\/","title":{"rendered":"Premier coup de pioche en double \u00e9quipe"},"content":{"rendered":"<p>D\u00e9part pour le projet interg\u00e9n\u00e9rationnel b\u00e2lois. Lundi midi, les repr\u00e9sentants du canton, du ma\u00eetre d&#8217;ouvrage et de l&#8217;\u00e9quipe de planification ont donn\u00e9 un signal fort et commun lors du premier coup de pioche officiel pour la nouvelle clinique 2 de l&#8217;H\u00f4pital universitaire de B\u00e2le. Plusieurs acteurs se sont mis au travail pour soutenir de mani\u00e8re symbolique et dynamique le d\u00e9but des travaux d&#8217;ex\u00e9cution, parmi lesquels le directeur de la sant\u00e9 du canton de B\u00e2le-Ville, le Dr Lukas Engelberger, le pr\u00e9sident du conseil d&#8217;administration de l&#8217;USB Robert-Jan Bumbacher et le directeur de l&#8217;h\u00f4pital, le Dr Werner K\u00fcbler. L&#8217;\u00e9quipe de planificaion g\u00e9n\u00e9rale \u00e9tait repr\u00e9sent\u00e9e par le directeur g\u00e9n\u00e9ral Tossan Souchon (<a href=\"http:\/\/www.archipel-gp.ch\">Archipel<\/a>) et l&#8217;architecte Lorenzo Giuliani. Un grand nombre d&#8217;invit\u00e9s ont suivi le lancement de la premi\u00e8re phase de construction, soulignant ainsi le large int\u00e9r\u00eat du public pour le projet. Les concepteurs de la structure porteuse de L\u00fcchinger+Meyer, pr\u00e9sents aux c\u00f4t\u00e9s de <a href=\"https:\/\/www.giulianihoenger.ch\/de\">Giuliani H\u00f6nger Architekten<\/a> depuis <a href=\"https:\/\/www.luechingermeyer.ch\/fr\/project\/erneuerung-klinikum-2-universitaetsspital-basel\/\">le succ\u00e8s du concours<\/a>, \u00e9taient bien entendu eux aussi pr\u00e9sents sur le chantier b\u00e2lois.<\/p>\n","protected":false},"excerpt":{"rendered":"<p>D\u00e9part pour le projet interg\u00e9n\u00e9rationnel b\u00e2lois. Lundi midi, les repr\u00e9sentants du canton, du ma\u00eetre d&#8217;ouvrage et de l&#8217;\u00e9quipe de planification ont donn\u00e9 un signal fort et commun lors du premier coup de pioche officiel pour la nouvelle clinique 2 de l&#8217;H\u00f4pital universitaire de B\u00e2le. Plusieurs acteurs se sont mis au travail pour soutenir de mani\u00e8re [&hellip;]<\/p>\n","protected":false},"author":101013,"featured_media":31106,"comment_status":"closed","ping_status":"closed","sticky":false,"template":"","format":"standard","meta":{"_acf_changed":false,"footnotes":""},"categories":[3],"tags":[],"class_list":["post-31123","post","type-post","status-publish","format-standard","has-post-thumbnail","hentry","category-non-classifiee"],"acf":[],"_links":{"self":[{"href":"https:\/\/lmp-ing.ch\/fr\/wp-json\/wp\/v2\/posts\/31123","targetHints":{"allow":["GET"]}}],"collection":[{"href":"https:\/\/lmp-ing.ch\/fr\/wp-json\/wp\/v2\/posts"}],"about":[{"href":"https:\/\/lmp-ing.ch\/fr\/wp-json\/wp\/v2\/types\/post"}],"author":[{"embeddable":true,"href":"https:\/\/lmp-ing.ch\/fr\/wp-json\/wp\/v2\/users\/101013"}],"replies":[{"embeddable":true,"href":"https:\/\/lmp-ing.ch\/fr\/wp-json\/wp\/v2\/comments?post=31123"}],"version-history":[{"count":2,"href":"https:\/\/lmp-ing.ch\/fr\/wp-json\/wp\/v2\/posts\/31123\/revisions"}],"predecessor-version":[{"id":31125,"href":"https:\/\/lmp-ing.ch\/fr\/wp-json\/wp\/v2\/posts\/31123\/revisions\/31125"}],"wp:featuredmedia":[{"embeddable":true,"href":"https:\/\/lmp-ing.ch\/fr\/wp-json\/wp\/v2\/media\/31106"}],"wp:attachment":[{"href":"https:\/\/lmp-ing.ch\/fr\/wp-json\/wp\/v2\/media?parent=31123"}],"wp:term":[{"taxonomy":"category","embeddable":true,"href":"https:\/\/lmp-ing.ch\/fr\/wp-json\/wp\/v2\/categories?post=31123"},{"taxonomy":"post_tag","embeddable":true,"href":"https:\/\/lmp-ing.ch\/fr\/wp-json\/wp\/v2\/tags?post=31123"}],"curies":[{"name":"wp","href":"https:\/\/api.w.org\/{rel}","templated":true}]}}