{"id":31554,"date":"2024-02-07T10:22:00","date_gmt":"2024-02-07T09:22:00","guid":{"rendered":"https:\/\/www.luechingermeyer.ch\/?p=31554"},"modified":"2024-02-07T13:11:53","modified_gmt":"2024-02-07T12:11:53","slug":"la-coulaz-un-ems-solaire-tout-en-bois","status":"publish","type":"post","link":"https:\/\/lmp-ing.ch\/fr\/la-coulaz-un-ems-solaire-tout-en-bois\/","title":{"rendered":"La Coulaz\u00a0: un EMS solaire tout en bois"},"content":{"rendered":"<p>L\u2019association FOREMS a d\u00e9voil\u00e9 le laur\u00e9at du Mandat d\u2019Etude Parall\u00e8le pour le futur Etablissement M\u00e9dico-Social \u00e0 Payerne du quartier de La Coulaz au bord de la Broye. Avec une capacit\u00e9 de 80 lits EMS et des emplacements de court s\u00e9jour, le projet devis\u00e9 \u00e0 30 millions de francs est attendu pour 2027.<br \/>\nLes laur\u00e9ats du MEP, s\u00e9lectionn\u00e9es parmi cinq candidats, sont l\u2019\u00e9quipe men\u00e9e par <a href=\"https:\/\/stoa-arch.ch\/\">Stoa architectes<\/a>, accompagn\u00e9s de <a href=\"https:\/\/www.forster-paysage.com\/\">Forster-Paysage<\/a> et Dr L\u00fcchinger+Meyer ing\u00e9nieurs civils et fa\u00e7ade. Le jeune bureau d\u2019architectes dont la pratique s\u2019est concentr\u00e9e sur la durabilit\u00e9, a su convaincre le jury avec son projet \u00ab Le temps des cerises \u00bb o\u00f9 le bois est omnipr\u00e9sent et apparent dans les espaces de vie des r\u00e9sidents.<br \/>\nArchitecte associ\u00e9 au bureau Stoa, Pascal Deschenaux souligne que l\u2019enjeu \u00e9tait de \u00ab cr\u00e9er \u00e0 la fois un outil pour les soignants et un espace de vie pour les r\u00e9sidents. \u00bb<\/p>\n","protected":false},"excerpt":{"rendered":"<p>L\u2019association FOREMS a d\u00e9voil\u00e9 le laur\u00e9at du Mandat d\u2019Etude Parall\u00e8le pour le futur Etablissement M\u00e9dico-Social \u00e0 Payerne du quartier de La Coulaz au bord de la Broye. Avec une capacit\u00e9 de 80 lits EMS et des emplacements de court s\u00e9jour, le projet devis\u00e9 \u00e0 30 millions de francs est attendu pour 2027. Les laur\u00e9ats du [&hellip;]<\/p>\n","protected":false},"author":101013,"featured_media":31513,"comment_status":"closed","ping_status":"closed","sticky":false,"template":"","format":"standard","meta":{"_acf_changed":false,"footnotes":""},"categories":[3],"tags":[],"class_list":["post-31554","post","type-post","status-publish","format-standard","has-post-thumbnail","hentry","category-non-classifiee"],"acf":[],"_links":{"self":[{"href":"https:\/\/lmp-ing.ch\/fr\/wp-json\/wp\/v2\/posts\/31554","targetHints":{"allow":["GET"]}}],"collection":[{"href":"https:\/\/lmp-ing.ch\/fr\/wp-json\/wp\/v2\/posts"}],"about":[{"href":"https:\/\/lmp-ing.ch\/fr\/wp-json\/wp\/v2\/types\/post"}],"author":[{"embeddable":true,"href":"https:\/\/lmp-ing.ch\/fr\/wp-json\/wp\/v2\/users\/101013"}],"replies":[{"embeddable":true,"href":"https:\/\/lmp-ing.ch\/fr\/wp-json\/wp\/v2\/comments?post=31554"}],"version-history":[{"count":5,"href":"https:\/\/lmp-ing.ch\/fr\/wp-json\/wp\/v2\/posts\/31554\/revisions"}],"predecessor-version":[{"id":31564,"href":"https:\/\/lmp-ing.ch\/fr\/wp-json\/wp\/v2\/posts\/31554\/revisions\/31564"}],"wp:featuredmedia":[{"embeddable":true,"href":"https:\/\/lmp-ing.ch\/fr\/wp-json\/wp\/v2\/media\/31513"}],"wp:attachment":[{"href":"https:\/\/lmp-ing.ch\/fr\/wp-json\/wp\/v2\/media?parent=31554"}],"wp:term":[{"taxonomy":"category","embeddable":true,"href":"https:\/\/lmp-ing.ch\/fr\/wp-json\/wp\/v2\/categories?post=31554"},{"taxonomy":"post_tag","embeddable":true,"href":"https:\/\/lmp-ing.ch\/fr\/wp-json\/wp\/v2\/tags?post=31554"}],"curies":[{"name":"wp","href":"https:\/\/api.w.org\/{rel}","templated":true}]}}