{"id":31583,"date":"2024-02-08T12:00:52","date_gmt":"2024-02-08T11:00:52","guid":{"rendered":"https:\/\/www.luechingermeyer.ch\/?p=31583"},"modified":"2024-02-08T12:06:54","modified_gmt":"2024-02-08T11:06:54","slug":"hola-espana-hola-mundo","status":"publish","type":"post","link":"https:\/\/lmp-ing.ch\/fr\/hola-espana-hola-mundo\/","title":{"rendered":"\u00a1Hola Espa\u00f1a, hola mundo!"},"content":{"rendered":"<p>L\u00fcchinger+Meyer s&#8217;attend \u00e0 un d\u00e9veloppement important en \u00e9t\u00e9 2024, que nous annon\u00e7ons d\u00e9j\u00e0 aujourd\u2019hui avec plein d\u2019espoir\u00a0: dans sa trenti\u00e8me ann\u00e9e d&#8217;existence, le bureau \u00e9largit sa pr\u00e9sence en Suisse \u00e0 Zurich, Lucerne et Lausanne par une succursale dans la capitale espagnole, <strong>Madrid<\/strong>. Nous nous r\u00e9jouissons beaucoup de l&#8217;ouverture de notre bureau en septembre.<\/p>\n<p>Le 31 janvier, la nouvelle succursale a \u00e9t\u00e9 cr\u00e9\u00e9e sous le nom de <strong>LMP Ingenier\u00eda Estructuras &amp; Fachadas, S.L.<\/strong>. Dr Borja Herraiz, membre de la direction \u00e9largie, prendra la direction de la succursale.<\/p>\n<p>En plus d\u2019une activit\u00e9 dans le domaine de la planification et de la construction dans la p\u00e9ninsule ib\u00e9rique, cette nouvelle succursale a pour objectif de consolider et d\u00e9velopper les collaborations internationales. Nous sommes d\u00e9j\u00e0 \u00e0 votre disposition pour toute demande ou coop\u00e9ration dans ce domaine. \u00a1Nos vemos en Madrid !<\/p>\n<p>&nbsp;<\/p>\n<p>&nbsp;<\/p>\n","protected":false},"excerpt":{"rendered":"<p>L\u00fcchinger+Meyer s&#8217;attend \u00e0 un d\u00e9veloppement important en \u00e9t\u00e9 2024, que nous annon\u00e7ons d\u00e9j\u00e0 aujourd\u2019hui avec plein d\u2019espoir\u00a0: dans sa trenti\u00e8me ann\u00e9e d&#8217;existence, le bureau \u00e9largit sa pr\u00e9sence en Suisse \u00e0 Zurich, Lucerne et Lausanne par une succursale dans la capitale espagnole, Madrid. Nous nous r\u00e9jouissons beaucoup de l&#8217;ouverture de notre bureau en septembre. Le 31 [&hellip;]<\/p>\n","protected":false},"author":101013,"featured_media":31567,"comment_status":"closed","ping_status":"closed","sticky":false,"template":"","format":"standard","meta":{"_acf_changed":false,"footnotes":""},"categories":[3],"tags":[],"class_list":["post-31583","post","type-post","status-publish","format-standard","has-post-thumbnail","hentry","category-non-classifiee"],"acf":[],"_links":{"self":[{"href":"https:\/\/lmp-ing.ch\/fr\/wp-json\/wp\/v2\/posts\/31583","targetHints":{"allow":["GET"]}}],"collection":[{"href":"https:\/\/lmp-ing.ch\/fr\/wp-json\/wp\/v2\/posts"}],"about":[{"href":"https:\/\/lmp-ing.ch\/fr\/wp-json\/wp\/v2\/types\/post"}],"author":[{"embeddable":true,"href":"https:\/\/lmp-ing.ch\/fr\/wp-json\/wp\/v2\/users\/101013"}],"replies":[{"embeddable":true,"href":"https:\/\/lmp-ing.ch\/fr\/wp-json\/wp\/v2\/comments?post=31583"}],"version-history":[{"count":3,"href":"https:\/\/lmp-ing.ch\/fr\/wp-json\/wp\/v2\/posts\/31583\/revisions"}],"predecessor-version":[{"id":31587,"href":"https:\/\/lmp-ing.ch\/fr\/wp-json\/wp\/v2\/posts\/31583\/revisions\/31587"}],"wp:featuredmedia":[{"embeddable":true,"href":"https:\/\/lmp-ing.ch\/fr\/wp-json\/wp\/v2\/media\/31567"}],"wp:attachment":[{"href":"https:\/\/lmp-ing.ch\/fr\/wp-json\/wp\/v2\/media?parent=31583"}],"wp:term":[{"taxonomy":"category","embeddable":true,"href":"https:\/\/lmp-ing.ch\/fr\/wp-json\/wp\/v2\/categories?post=31583"},{"taxonomy":"post_tag","embeddable":true,"href":"https:\/\/lmp-ing.ch\/fr\/wp-json\/wp\/v2\/tags?post=31583"}],"curies":[{"name":"wp","href":"https:\/\/api.w.org\/{rel}","templated":true}]}}