{"id":32767,"date":"2024-04-04T09:17:56","date_gmt":"2024-04-04T07:17:56","guid":{"rendered":"https:\/\/www.luechingermeyer.ch\/demetra\/"},"modified":"2024-04-10T17:00:46","modified_gmt":"2024-04-10T15:00:46","slug":"demetra","status":"publish","type":"post","link":"https:\/\/lmp-ing.ch\/fr\/demetra\/","title":{"rendered":"Demetra"},"content":{"rendered":"<p>Le village agricole autrefois appel\u00e9 Iberg, faisant partie des quartiers ext\u00e9rieurs de Seemer, a connu au cours des trente derni\u00e8res ann\u00e9es un d\u00e9veloppement urbain important, entra\u00eenant un besoin accru d&#8217;espaces scolaires. D&#8217;ici \u00e0 2029, un environnement d&#8217;apprentissage optimal pour les enfants des quartiers ext\u00e9rieurs sera cr\u00e9\u00e9 avec la construction d&#8217;une \u00e9cole centrale et moderne pouvant accueillir douze classes primaires. Le projet \u00ab<a href=\"https:\/\/www.luechingermeyer.ch\/fr\/project\/schulhaus-aussenwachten-winterthur\/\">Demetra\u00bb<\/a>\u00a0de l&#8217;\u00e9quipe <a href=\"https:\/\/www.waldrap.ch\/projekte\">WALDRAP<\/a> \/ L\u00fcchinger+Meyer \/ <a href=\"https:\/\/www.jungenergie.ch\/\">Jungenergie<\/a> a \u00e9t\u00e9 retenu parmi 50 autres propositions lors du concours ouvert organis\u00e9 par la ville de Winterthour.<br \/>\nLe concept pr\u00e9voit la construction d&#8217;un nouveau b\u00e2timent scolaire compact de trois \u00e9tages avec une toiture \u00e0 deux pans, accompagn\u00e9 d&#8217;une salle de gym simple. La durabilit\u00e9, la rentabilit\u00e9 et la flexibilit\u00e9 du projet ont particuli\u00e8rement convaincu le jury. Ces principes ont \u00e9galement guid\u00e9 le d\u00e9veloppement des structures du b\u00e2timent par les ing\u00e9nieurs en structure de L\u00fcchinger+Meyer en collaboration avec WALDRAP.<\/p>\n<p>&nbsp;<\/p>\n<p>&nbsp;<\/p>\n","protected":false},"excerpt":{"rendered":"<p>Le village agricole autrefois appel\u00e9 Iberg, faisant partie des quartiers ext\u00e9rieurs de Seemer, a connu au cours des trente derni\u00e8res ann\u00e9es un d\u00e9veloppement urbain important, entra\u00eenant un besoin accru d&#8217;espaces scolaires. D&#8217;ici \u00e0 2029, un environnement d&#8217;apprentissage optimal pour les enfants des quartiers ext\u00e9rieurs sera cr\u00e9\u00e9 avec la construction d&#8217;une \u00e9cole centrale et moderne pouvant [&hellip;]<\/p>\n","protected":false},"author":101013,"featured_media":32617,"comment_status":"closed","ping_status":"closed","sticky":false,"template":"","format":"standard","meta":{"_acf_changed":false,"footnotes":""},"categories":[3],"tags":[],"class_list":["post-32767","post","type-post","status-publish","format-standard","has-post-thumbnail","hentry","category-non-classifiee"],"acf":[],"_links":{"self":[{"href":"https:\/\/lmp-ing.ch\/fr\/wp-json\/wp\/v2\/posts\/32767","targetHints":{"allow":["GET"]}}],"collection":[{"href":"https:\/\/lmp-ing.ch\/fr\/wp-json\/wp\/v2\/posts"}],"about":[{"href":"https:\/\/lmp-ing.ch\/fr\/wp-json\/wp\/v2\/types\/post"}],"author":[{"embeddable":true,"href":"https:\/\/lmp-ing.ch\/fr\/wp-json\/wp\/v2\/users\/101013"}],"replies":[{"embeddable":true,"href":"https:\/\/lmp-ing.ch\/fr\/wp-json\/wp\/v2\/comments?post=32767"}],"version-history":[{"count":3,"href":"https:\/\/lmp-ing.ch\/fr\/wp-json\/wp\/v2\/posts\/32767\/revisions"}],"predecessor-version":[{"id":32776,"href":"https:\/\/lmp-ing.ch\/fr\/wp-json\/wp\/v2\/posts\/32767\/revisions\/32776"}],"wp:featuredmedia":[{"embeddable":true,"href":"https:\/\/lmp-ing.ch\/fr\/wp-json\/wp\/v2\/media\/32617"}],"wp:attachment":[{"href":"https:\/\/lmp-ing.ch\/fr\/wp-json\/wp\/v2\/media?parent=32767"}],"wp:term":[{"taxonomy":"category","embeddable":true,"href":"https:\/\/lmp-ing.ch\/fr\/wp-json\/wp\/v2\/categories?post=32767"},{"taxonomy":"post_tag","embeddable":true,"href":"https:\/\/lmp-ing.ch\/fr\/wp-json\/wp\/v2\/tags?post=32767"}],"curies":[{"name":"wp","href":"https:\/\/api.w.org\/{rel}","templated":true}]}}