{"id":32773,"date":"2024-04-10T09:34:41","date_gmt":"2024-04-10T07:34:41","guid":{"rendered":"https:\/\/www.luechingermeyer.ch\/diagoon\/"},"modified":"2025-04-23T16:53:01","modified_gmt":"2025-04-23T14:53:01","slug":"diagoon","status":"publish","type":"post","link":"https:\/\/lmp-ing.ch\/fr\/diagoon\/","title":{"rendered":"Diagoon"},"content":{"rendered":"<p>Au <a href=\"https:\/\/www.zgsz.ch\/\">Centre pour l&#8217;ou\u00efe et le langage de Zurich<\/a>, les enfants et adolescents souffrant de troubles auditifs et\/ou linguistiques, de la maternelle au lyc\u00e9e, b\u00e9n\u00e9ficient d&#8217;une prise en charge, d&#8217;un enseignement et parfois d&#8217;un h\u00e9bergement. Sur le site du ZGSZ, un nouveau b\u00e2timent r\u00e9sidentiel et une cantine avec une cuisine de production ainsi qu&#8217;un garage et une cl\u00f4ture autour du domaine doivent \u00eatre \u00e9rig\u00e9s. Dans le cadre du concours organis\u00e9 par <a href=\"https:\/\/www.zh.ch\/de\/baudirektion.html\">la Direction des travaux publics du canton de Zurich<\/a>, l&#8217;\u00e9quipe compos\u00e9e de <a href=\"https:\/\/www.waldrap.ch\/projekte\">WALDRAP<\/a> \/ L\u00dcCHINGER MEYER PARTNER \/ <a href=\"https:\/\/www.weberbauphysik.ch\/\">Weber Energie et Bauphysik<\/a> a remport\u00e9 la premi\u00e8re place.<br \/>\nLe projet &#8220;Diagoon&#8221; r\u00e9pond aux contraintes d&#8217;espace limit\u00e9 avec un b\u00e2timent autonome de six \u00e9tages, dont l&#8217;empreinte au sol d\u00e9lib\u00e9r\u00e9ment minimis\u00e9e vise \u00e0 pr\u00e9server autant d&#8217;espace ext\u00e9rieur que possible. En suivant le principe de conception des &#8220;maisons Diagoon&#8221; d&#8217;Herman Hertzberger, la structure architecturale est con\u00e7ue de mani\u00e8re \u00e0 offrir suffisamment de libert\u00e9 pour une conception individuelle. Cela cr\u00e9e des espaces ouverts et lumineux, favorisant des interactions visuelles adapt\u00e9es aux personnes handicap\u00e9es qui pratiquent la langue des signes.<\/p>\n","protected":false},"excerpt":{"rendered":"<p>Au Centre pour l&#8217;ou\u00efe et le langage de Zurich, les enfants et adolescents souffrant de troubles auditifs et\/ou linguistiques, de la maternelle au lyc\u00e9e, b\u00e9n\u00e9ficient d&#8217;une prise en charge, d&#8217;un enseignement et parfois d&#8217;un h\u00e9bergement. Sur le site du ZGSZ, un nouveau b\u00e2timent r\u00e9sidentiel et une cantine avec une cuisine de production ainsi qu&#8217;un garage [&hellip;]<\/p>\n","protected":false},"author":101013,"featured_media":32760,"comment_status":"closed","ping_status":"closed","sticky":false,"template":"","format":"standard","meta":{"_acf_changed":false,"footnotes":""},"categories":[3],"tags":[],"class_list":["post-32773","post","type-post","status-publish","format-standard","has-post-thumbnail","hentry","category-non-classifiee"],"acf":[],"_links":{"self":[{"href":"https:\/\/lmp-ing.ch\/fr\/wp-json\/wp\/v2\/posts\/32773","targetHints":{"allow":["GET"]}}],"collection":[{"href":"https:\/\/lmp-ing.ch\/fr\/wp-json\/wp\/v2\/posts"}],"about":[{"href":"https:\/\/lmp-ing.ch\/fr\/wp-json\/wp\/v2\/types\/post"}],"author":[{"embeddable":true,"href":"https:\/\/lmp-ing.ch\/fr\/wp-json\/wp\/v2\/users\/101013"}],"replies":[{"embeddable":true,"href":"https:\/\/lmp-ing.ch\/fr\/wp-json\/wp\/v2\/comments?post=32773"}],"version-history":[{"count":3,"href":"https:\/\/lmp-ing.ch\/fr\/wp-json\/wp\/v2\/posts\/32773\/revisions"}],"predecessor-version":[{"id":39045,"href":"https:\/\/lmp-ing.ch\/fr\/wp-json\/wp\/v2\/posts\/32773\/revisions\/39045"}],"wp:featuredmedia":[{"embeddable":true,"href":"https:\/\/lmp-ing.ch\/fr\/wp-json\/wp\/v2\/media\/32760"}],"wp:attachment":[{"href":"https:\/\/lmp-ing.ch\/fr\/wp-json\/wp\/v2\/media?parent=32773"}],"wp:term":[{"taxonomy":"category","embeddable":true,"href":"https:\/\/lmp-ing.ch\/fr\/wp-json\/wp\/v2\/categories?post=32773"},{"taxonomy":"post_tag","embeddable":true,"href":"https:\/\/lmp-ing.ch\/fr\/wp-json\/wp\/v2\/tags?post=32773"}],"curies":[{"name":"wp","href":"https:\/\/api.w.org\/{rel}","templated":true}]}}